{"id":101,"date":"2024-10-24T16:43:34","date_gmt":"2024-10-24T16:43:34","guid":{"rendered":"http:\/\/51.159.152.193\/blog\/?p=101"},"modified":"2025-10-02T12:47:45","modified_gmt":"2025-10-02T12:47:45","slug":"ambition-professionnelle-developper-et-atteindre-ses-objectifs","status":"publish","type":"post","link":"https:\/\/www.klarahr.com\/blog\/ambition-professionnelle-developper-et-atteindre-ses-objectifs\/","title":{"rendered":"Ambition professionnelle : d\u00e9velopper et atteindre ses objectifs"},"content":{"rendered":"<p>L&rsquo;ambition professionnelle se d\u00e9finit par la capacit\u00e9 \u00e0 fixer des objectifs clairs et r\u00e9alistes, tout en adoptant une strat\u00e9gie rigoureuse, notamment \u00e0 travers la <a href=\"https:\/\/www.klarahr.com\/cas-usages\/formation\" id=\"\">suivi de formation<\/a>, l&rsquo;int\u00e9gration de <a href=\"https:\/\/www.klarahr.com\/cas-usages\/rituels-manageriaux\" id=\"\">rituels manag\u00e9riaux<\/a>, et l&rsquo;application des principes de<a href=\"https:\/\/www.klarahr.com\/cas-usages\/talent-management\" id=\"\"> talent management<\/a>, afin d&rsquo;optimiser la <a href=\"https:\/\/www.klarahr.com\/post\/formation-des-salaries-levier-de-performances\" id=\"\">formation des salari\u00e9s<\/a> et maximiser son \u00e9panouissement dans le monde du travail.<\/p>\n<p>\u200d<\/p>\n<h2 id=\"\"><strong>Qu&rsquo;est-ce que l&rsquo;ambition professionnelle ?<\/strong><\/h2>\n<p>\u200d<\/p>\n<h3 id=\"\"><strong>D\u00e9finition et importance dans la carri\u00e8re<\/strong><\/h3>\n<p id=\"\">L\u2019ambition professionnelle peut \u00eatre d\u00e9finie comme un d\u00e9sir profond de r\u00e9ussir dans le domaine professionnel. Cela inclut non seulement la volont\u00e9 de progresser dans sa carri\u00e8re, mais aussi de s\u2019\u00e9panouir personnellement \u00e0 travers les d\u00e9fis et les accomplissements professionnels. L\u2019ambition ne se limite pas \u00e0 une qu\u00eate de pouvoir ou de reconnaissance, mais peut englober des objectifs vari\u00e9s comme acqu\u00e9rir de nouvelles comp\u00e9tences, prendre des responsabilit\u00e9s ou cr\u00e9er un impact significatif dans un secteur particulier. Dans un monde en constante \u00e9volution, l\u2019ambition professionnelle est cruciale pour ceux qui veulent s\u2019adapter aux changements et maintenir leur pertinence sur le march\u00e9 du travail.<\/p>\n<p id=\"\">L\u2019ambition est une force motrice pour les individus, les poussant \u00e0 repousser leurs limites et \u00e0 atteindre des sommets dans leur carri\u00e8re. Cela peut mener \u00e0 l\u2019atteinte d\u2019objectifs \u00e0 long terme et \u00e0 la satisfaction personnelle, renfor\u00e7ant ainsi le sentiment d\u2019accomplissement. Les professionnels ambitieux sont souvent per\u00e7us comme des leaders potentiels, capables d\u2019apporter des innovations et d\u2019inspirer leurs \u00e9quipes \u00e0 viser plus haut.<\/p>\n<p>\u200d<\/p>\n<h3 id=\"\"><strong>L&rsquo;impact de l&rsquo;ambition sur la motivation et la performance<\/strong><\/h3>\n<p id=\"\">L&rsquo;ambition professionnelle a un impact direct sur la motivation et la performance au travail. Les personnes ayant une ambition claire sont souvent plus motiv\u00e9es \u00e0 exceller, \u00e0 se perfectionner et \u00e0 atteindre leurs objectifs. Cette motivation accrue se traduit par une productivit\u00e9 plus \u00e9lev\u00e9e, une meilleure gestion du temps et une disposition \u00e0 prendre des initiatives. En outre, l\u2019ambition pousse souvent \u00e0 l\u2019am\u00e9lioration continue, ce qui peut conduire \u00e0 des r\u00e9sultats exceptionnels dans les performances professionnelles.<\/p>\n<p id=\"\">Cependant, il est important de maintenir un \u00e9quilibre sain. Une ambition mal dirig\u00e9e ou trop intense peut entra\u00eener un surmenage ou une frustration si les objectifs ne sont pas atteints aussi rapidement que pr\u00e9vu. Pour tirer le meilleur parti de l\u2019ambition, il est essentiel de la canaliser correctement et de la coupler \u00e0 une planification strat\u00e9gique et r\u00e9aliste.<\/p>\n<p>\u200d<\/p>\n<h2 id=\"\"><strong>Comment d\u00e9velopper son ambition professionnelle<\/strong><\/h2>\n<p>\u200d<\/p>\n<h3 id=\"\"><strong>Se fixer des objectifs clairs et mesurables<\/strong><\/h3>\n<p id=\"\">Le premier pas vers le d\u00e9veloppement de son ambition professionnelle est de se fixer des objectifs clairs et mesurables. Ces objectifs doivent \u00eatre d\u00e9finis de mani\u00e8re \u00e0 \u00eatre atteignables tout en constituant des d\u00e9fis suffisamment stimulants pour maintenir la motivation. Un bon objectif professionnel devrait \u00eatre sp\u00e9cifique, mesurable, atteignable, pertinent et temporel (SMART). Par exemple, au lieu de dire \u00ab\u00a0je veux \u00eatre un meilleur manager,\u00a0\u00bb un objectif plus pr\u00e9cis serait : \u00ab\u00a0Je veux obtenir une certification en management d\u2019ici la fin de l\u2019ann\u00e9e pour am\u00e9liorer mes comp\u00e9tences de gestion d\u2019\u00e9quipe.\u00a0\u00bb<\/p>\n<p id=\"\">En ayant des objectifs bien d\u00e9finis, il devient plus facile de tracer une feuille de route pour atteindre ses ambitions. Ces objectifs servent \u00e9galement de points de r\u00e9f\u00e9rence pour mesurer les progr\u00e8s, ce qui permet de garder le cap et d\u2019ajuster les efforts en fonction des r\u00e9sultats obtenus.<\/p>\n<p>\u200d<\/p>\n<h3 id=\"\"><strong>Identifier ses forces et comp\u00e9tences cl\u00e9s<\/strong><\/h3>\n<p id=\"\">Pour d\u00e9velopper son ambition professionnelle, il est essentiel d&rsquo;identifier ses forces et comp\u00e9tences cl\u00e9s, y compris ses <a href=\"https:\/\/www.klarahr.com\/post\/guide-pratique-pour-developper-ses-hard-skills\" id=\"\">Hard Skills<\/a>. Cela permet de comprendre o\u00f9 l\u2019on excelle et dans quels domaines il pourrait \u00eatre b\u00e9n\u00e9fique de se sp\u00e9cialiser ou de continuer \u00e0 se d\u00e9velopper. Une \u00e9valuation honn\u00eate de ses capacit\u00e9s et un retour constructif de coll\u00e8gues ou mentors peuvent fournir des informations pr\u00e9cieuses sur les comp\u00e9tences \u00e0 am\u00e9liorer ou les nouvelles aptitudes \u00e0 acqu\u00e9rir.<\/p>\n<p id=\"\">Une fois ces comp\u00e9tences identifi\u00e9es, il devient plus facile de formuler des objectifs professionnels align\u00e9s sur ses points forts, maximisant ainsi les chances de r\u00e9ussite. De plus, la prise de conscience de ses comp\u00e9tences cl\u00e9s renforce la confiance en soi, un facteur d\u00e9terminant dans la poursuite d&rsquo;une ambition professionnelle.<\/p>\n<p>\u200d<\/p>\n<h3 id=\"\"><strong>Surmonter les obstacles et rester motiv\u00e9<\/strong><\/h3>\n<p id=\"\">Le chemin vers la r\u00e9alisation de son ambition professionnelle n&rsquo;est pas exempt d&rsquo;obstacles. Qu\u2019il s\u2019agisse de d\u00e9fis personnels, d\u2019\u00e9checs professionnels ou de pressions ext\u00e9rieures, il est important de rester r\u00e9silient et de surmonter ces obstacles pour maintenir sa progression. La cl\u00e9 r\u00e9side dans la capacit\u00e9 \u00e0 rebondir face aux \u00e9checs et \u00e0 les voir comme des opportunit\u00e9s d\u2019apprentissage plut\u00f4t que des freins \u00e0 la carri\u00e8re.<\/p>\n<p id=\"\">Pour rester motiv\u00e9, il peut \u00eatre utile de diviser les objectifs \u00e0 long terme en \u00e9tapes plus petites et plus r\u00e9alisables. C\u00e9l\u00e9brer les petites victoires peut aider \u00e0 maintenir un \u00e9tat d&rsquo;esprit positif et \u00e0 continuer \u00e0 avancer, m\u00eame lorsque les r\u00e9sultats ne sont pas imm\u00e9diats.<\/p>\n<p>\u200d<\/p>\n<h2 id=\"\"><strong>Atteindre ses objectifs d&rsquo;ambition professionnelle<\/strong><\/h2>\n<h3 id=\"\"><strong>Planification strat\u00e9gique de carri\u00e8re<\/strong><\/h3>\n<p id=\"\">Une ambition professionnelle bien d\u00e9finie n\u00e9cessite une planification strat\u00e9gique de carri\u00e8re. Cela implique de r\u00e9fl\u00e9chir \u00e0 long terme, d&rsquo;identifier les comp\u00e9tences n\u00e9cessaires pour progresser, et de d\u00e9terminer les \u00e9tapes \u00e0 franchir pour atteindre des positions ou des r\u00f4les sp\u00e9cifiques. Un plan de carri\u00e8re efficace doit inclure des actions concr\u00e8tes telles que la formation continue, le r\u00e9seautage, et la prise de responsabilit\u00e9s additionnelles pour d\u00e9montrer sa valeur.<\/p>\n<p id=\"\">Cette planification doit \u00eatre flexible, permettant des ajustements au fur et \u00e0 mesure que des opportunit\u00e9s ou des obstacles inattendus apparaissent. Il est \u00e9galement crucial de r\u00e9\u00e9valuer r\u00e9guli\u00e8rement ses objectifs pour s&rsquo;assurer qu&rsquo;ils sont toujours en phase avec ses aspirations professionnelles.<\/p>\n<p>\u200d<\/p>\n<h3 id=\"\"><strong>Trouver des mentors et des ressources pour se d\u00e9velopper<\/strong><\/h3>\n<p id=\"\">Les mentors jouent un r\u00f4le essentiel dans l\u2019atteinte des objectifs professionnels. Ils peuvent offrir des conseils, partager leurs exp\u00e9riences et fournir un soutien moral dans les moments difficiles. Trouver des mentors exp\u00e9riment\u00e9s dans son domaine est un moyen efficace d&rsquo;acc\u00e9l\u00e9rer son d\u00e9veloppement professionnel et de b\u00e9n\u00e9ficier d&rsquo;une perspective ext\u00e9rieure sur ses ambitions.<\/p>\n<p id=\"\">En plus des mentors, il est important de s&rsquo;entourer de ressources pour se d\u00e9velopper. Cela inclut la formation continue, la participation \u00e0 des conf\u00e9rences, \u00e0 des \u00e9v\u00e9nements de r\u00e9seautage, ou \u00e0 des <a href=\"https:\/\/info.klarahr.com\/softskills-et-hardskills-en-entreprise\" id=\"\" target=\"_blank\" rel=\"noopener\">Webinaires Soft Skills &amp; Hard Skills<\/a>, et l\u2019utilisation de plateformes en ligne pour acqu\u00e9rir de nouvelles comp\u00e9tences. Ces ressources permettent de rester \u00e0 jour avec les derni\u00e8res tendances de son secteur et d&rsquo;\u00e9largir son champ de connaissances, rendant ainsi les objectifs plus accessibles.<\/p>\n<p>\u200d<\/p>\n<h3 id=\"\"><strong>Mesurer les r\u00e9sultats et ajuster ses strat\u00e9gies<\/strong><\/h3>\n<p id=\"\">Atteindre ses objectifs d&rsquo;ambition professionnelle n\u00e9cessite \u00e9galement de mesurer les r\u00e9sultats de mani\u00e8re r\u00e9guli\u00e8re. Cela permet de d\u00e9terminer si les efforts d\u00e9ploy\u00e9s portent leurs fruits ou si des ajustements sont n\u00e9cessaires. Les indicateurs de succ\u00e8s peuvent varier selon les objectifs fix\u00e9s, mais ils incluent souvent des \u00e9l\u00e9ments tels que l&rsquo;avancement dans la hi\u00e9rarchie, la reconnaissance au sein de l&rsquo;entreprise, ou l&rsquo;acquisition de nouvelles comp\u00e9tences.<\/p>\n<p id=\"\">Si les r\u00e9sultats ne sont pas conformes aux attentes, il est important de r\u00e9\u00e9valuer les strat\u00e9gies mises en place. Cela peut impliquer de changer de cap, de r\u00e9ajuster les objectifs ou de chercher de nouvelles opportunit\u00e9s pour atteindre les ambitions fix\u00e9es. Le succ\u00e8s professionnel repose souvent sur la capacit\u00e9 \u00e0 s&rsquo;adapter et \u00e0 \u00e9voluer en fonction des circonstances.<\/p>\n<p>\u200d<\/p>\n<p id=\"\">En conclusion, d\u00e9finir et atteindre son ambition professionnelle demande une r\u00e9flexion approfondie, une planification strat\u00e9gique, et une d\u00e9termination \u00e0 surmonter les obstacles. Qu&rsquo;il s&rsquo;agisse de fixer des objectifs clairs, de s&rsquo;appuyer sur ses forces, ou de s&rsquo;entourer de mentors, chaque \u00e9tape est cruciale pour transformer ses aspirations en r\u00e9alit\u00e9.<\/p>\n<p>\u200d<\/p>\n","protected":false},"excerpt":{"rendered":"<p>L&rsquo;ambition professionnelle se d\u00e9finit par la capacit\u00e9 \u00e0 fixer des objectifs clairs et r\u00e9alistes, tout en adoptant une strat\u00e9gie rigoureuse, notamment \u00e0 travers la suivi de formation, l&rsquo;int\u00e9gration de rituels manag\u00e9riaux, et l&rsquo;application des principes de talent management, afin d&rsquo;optimiser la formation des salari\u00e9s et maximiser son \u00e9panouissement dans le monde du travail. \u200d Qu&rsquo;est-ce [&hellip;]<\/p>\n","protected":false},"author":2,"featured_media":102,"comment_status":"closed","ping_status":"closed","sticky":false,"template":"","format":"standard","meta":{"_et_pb_use_builder":"","_et_pb_old_content":"","_et_gb_content_width":"","footnotes":""},"categories":[30],"tags":[35],"_links":{"self":[{"href":"https:\/\/www.klarahr.com\/blog\/wp-json\/wp\/v2\/posts\/101"}],"collection":[{"href":"https:\/\/www.klarahr.com\/blog\/wp-json\/wp\/v2\/posts"}],"about":[{"href":"https:\/\/www.klarahr.com\/blog\/wp-json\/wp\/v2\/types\/post"}],"author":[{"embeddable":true,"href":"https:\/\/www.klarahr.com\/blog\/wp-json\/wp\/v2\/users\/2"}],"replies":[{"embeddable":true,"href":"https:\/\/www.klarahr.com\/blog\/wp-json\/wp\/v2\/comments?post=101"}],"version-history":[{"count":2,"href":"https:\/\/www.klarahr.com\/blog\/wp-json\/wp\/v2\/posts\/101\/revisions"}],"predecessor-version":[{"id":2849,"href":"https:\/\/www.klarahr.com\/blog\/wp-json\/wp\/v2\/posts\/101\/revisions\/2849"}],"wp:featuredmedia":[{"embeddable":true,"href":"https:\/\/www.klarahr.com\/blog\/wp-json\/wp\/v2\/media\/102"}],"wp:attachment":[{"href":"https:\/\/www.klarahr.com\/blog\/wp-json\/wp\/v2\/media?parent=101"}],"wp:term":[{"taxonomy":"category","embeddable":true,"href":"https:\/\/www.klarahr.com\/blog\/wp-json\/wp\/v2\/categories?post=101"},{"taxonomy":"post_tag","embeddable":true,"href":"https:\/\/www.klarahr.com\/blog\/wp-json\/wp\/v2\/tags?post=101"}],"curies":[{"name":"wp","href":"https:\/\/api.w.org\/{rel}","templated":true}]}}