{"id":105,"date":"2024-10-24T16:43:40","date_gmt":"2024-10-24T16:43:40","guid":{"rendered":"http:\/\/51.159.152.193\/blog\/?p=105"},"modified":"2024-10-24T21:17:33","modified_gmt":"2024-10-24T21:17:33","slug":"attestation-de-suivi-de-formation-obligations-employeurs","status":"publish","type":"post","link":"https:\/\/www.klarahr.com\/blog\/attestation-de-suivi-de-formation-obligations-employeurs\/","title":{"rendered":"Attestation de suivi de formation : obligations employeurs"},"content":{"rendered":"<p id=\"\">Les entreprises sont de plus en plus nombreuses \u00e0 proposer des programmes de formation \u00e0 leurs salari\u00e9s. \u00c0 la fin de la p\u00e9riode de stage, une attestation de suivi de formation est g\u00e9n\u00e9ralement d\u00e9livr\u00e9e.&nbsp;<\/p>\n<p id=\"\">Qu\u2019est-ce que l\u2019attestation de suivi de formation ? Est-elle obligatoire ? Quelle est sa valeur ? R\u00e9ponses dans cet article.<\/p>\n<p id=\"\">\u200d<\/p>\n<h2 id=\"\"><strong id=\"\">Qu\u2019est-ce qu\u2019une attestation de suivi de formation ?&nbsp;<\/strong><\/h2>\n<p id=\"\">\u200d<\/p>\n<h3 id=\"\"><strong id=\"\">D\u00e9finition de l\u2019attestation de suivi de formation<\/strong><\/h3>\n<p id=\"\">L\u2019attestation de formation est un document certifiant la compl\u00e9tion d&rsquo;une formation et le niveau de comp\u00e9tence atteint par la personne l\u2019ayant suivie. Il convient cependant de noter que bien que ce document ait un poids non n\u00e9gligeable au niveau de l\u2019entreprise, il n\u2019est pas l\u00e9galement reconnu par les autorit\u00e9s, contrairement \u00e0 un dipl\u00f4me d\u00e9livr\u00e9 par l&rsquo;\u00c9tat. Ainsi, elle rev\u00eat une importance significative dans le processus de recrutement, car elle t\u00e9moigne des comp\u00e9tences sp\u00e9cifiques d&rsquo;un candidat recherch\u00e9 par les entreprises.<\/p>\n<p id=\"\">&nbsp;<\/p>\n<p id=\"\">L\u2019attestation de suivi de formation est fortement appr\u00e9ci\u00e9e des personnes charg\u00e9es du recrutement dans les entreprises de toutes tailles confondues (grandes ou moyennes entreprises, ou startups) du fait qu\u2019elle mette en exergue la capacit\u00e9 du candidat \u00e0 accomplir des t\u00e2ches pr\u00e9cises et \u00e0 mobiliser des comp\u00e9tences professionnelles, ce qui augmente sa valeur professionnelle aupr\u00e8s des employeurs. Lorsqu&rsquo;elles sont d\u00e9livr\u00e9es par des institutions renomm\u00e9es et respect\u00e9es, les attestations de formation gagnent en cr\u00e9dibilit\u00e9 et en valeur sur le march\u00e9 du travail.<\/p>\n<p id=\"\">\u200d<\/p>\n<h3 id=\"\"><strong id=\"\">Quelle est la diff\u00e9rence entre un certificat et une attestation ?<\/strong><\/h3>\n<p id=\"\">Le certificat de formation professionnelle est l\u2019\u00e9quivalent d\u2019un Titre professionnel. C\u2019est une attestation d\u00e9livr\u00e9e \u00e0 l&rsquo;issue d&rsquo;une formation pour un m\u00e9tier r\u00e9pertori\u00e9 dans le R\u00e9pertoire national des certifications professionnelles. Contrairement \u00e0 un dipl\u00f4me, ce document est, dans la plupart des cas, sp\u00e9cifique \u00e0 un secteur professionnel particulier. Par exemple, une entreprise sp\u00e9cialis\u00e9e dans la fabrication de peinture, un collaborateur peut suivre une formation de \u201cpeintre anti-corrosion\u201d et obtenir un certificat de qualification professionnelle ou CQP peintre anti-corrosion. D\u00e9livr\u00e9 \u00e0 l&rsquo;issue d&rsquo;une p\u00e9riode de formation, ce document atteste que l&rsquo;apprenant a acquis et valid\u00e9 les comp\u00e9tences et connaissances essentielles relatives \u00e0 un m\u00e9tier sp\u00e9cifique.<\/p>\n<p id=\"\">L\u2019attestation de suivi de formation diff\u00e8re sensiblement du certificat de formation. En effet, elle d\u00e9montre davantage l\u2019assiduit\u00e9 de l\u2019apprenant durant la p\u00e9riode de formation, tandis que le certificat de formation professionnelle est davantage ax\u00e9 sur la validation des acquis de la formation. Si l\u2019attestation de formation professionnelle est d\u00e9livr\u00e9e par l\u2019entreprise au sein de laquelle la formation a \u00e9t\u00e9 suivie, les certificats de formation professionnelle sont, quant \u00e0 eux, \u00e9tablis par des commissions nationales en lien avec la branche professionnelle concern\u00e9e. Cela dit, ni l\u2019attestation de formation, ni le certificat de formation professionnelle n\u2019ont de valeur l\u00e9gale, c\u2019est-\u00e0-dire qu\u2019ils ne sont pas reconnus par l\u2019\u00c9tat.<\/p>\n<p id=\"\">\u200d<\/p>\n<h3 id=\"\"><strong id=\"\">Qu\u2019est-ce qu\u2019un bilan de formation ?&nbsp;<\/strong><\/h3>\n<p id=\"\">Le rapport de formation est un document d\u00e9taill\u00e9 et explicatif pr\u00e9sentant de mani\u00e8re hi\u00e9rarchis\u00e9e les points forts et les points faibles de la formation en milieu professionnel. Il sert de support de dialogue entre le responsable de la formation et l\u2019apprenant. Ce rapport \u00e9claire le commanditaire sur la pertinence et la qualit\u00e9 de la formation suivie et constitue un guide pour les d\u00e9cisions futures concernant les formations.<\/p>\n<p id=\"\">\u200d<\/p>\n<p id=\"\">Selon le Centre Minist\u00e9riel de Valorisation des Ressources Humaines attach\u00e9 au Minist\u00e8re de la Transition \u00c9cologique et de la Coh\u00e9sion des Territoires, le rapport de formation doit inclure des \u00e9l\u00e9ments tels que :&nbsp;<\/p>\n<ul id=\"\">\n<li id=\"\">La pr\u00e9sentation de la formation&nbsp;<\/li>\n<li id=\"\">Les crit\u00e8res de choix des formateurs<\/li>\n<li id=\"\">La typologie des stagiaires<\/li>\n<li id=\"\">Le d\u00e9tail des \u00e9valuations&nbsp;<\/li>\n<li id=\"\">L\u2019appr\u00e9ciation sur les formateurs, les stagiaires et le fonctionnement du groupe<\/li>\n<li id=\"\">Les crit\u00e8res de s\u00e9lection des stagiaires et des formateurs<\/li>\n<li id=\"\">La liste des stagiaires et des intervenants<\/li>\n<\/ul>\n<p id=\"\">\u200d<\/p>\n<h2 id=\"\"><strong id=\"\">Peut-on travailler avec une attestation de formation ?<\/strong><\/h2>\n<p id=\"\">L\u2019attestation de suivi de formation n\u2019est pas un dipl\u00f4me, mais la preuve de l\u2019acquisition de nouvelles aptitudes au cours d\u2019une p\u00e9riode de<a href=\"https:\/\/www.klarahr.com\/cas-usages\/formation\" id=\"\"> suivi de formation<\/a>. Si elle ne remplace pas un dipl\u00f4me d\u00e9livr\u00e9 par l\u2019\u00c9tat, elle montre cependant que l\u2019apprenant a suivi une <a href=\"https:\/\/www.klarahr.com\/post\/passer-a-lere-de-la-formation-impactante\" id=\"\">formation impactante<\/a>. Par ailleurs, dans un arr\u00eat rendu le 13 avril 2022, les magistrats de la Cour de cassation pr\u00e9cisent que les attestations de formation sont consid\u00e9r\u00e9es comme des \u00ab\u00a0documents professionnels\u00a0\u00bb. Par cons\u00e9quent, l&#8217;employeur manque \u00e0 ses obligations l\u00e9gales en ne les fournissant pas au salari\u00e9, ce qui pourrait entra\u00eener un pr\u00e9judice que le salari\u00e9 est en droit de r\u00e9clamer.<\/p>\n<p id=\"\">\u200d<\/p>\n<h2 id=\"\"><strong id=\"\">Comme r\u00e9dige-t-on une attestation de suivi de formation ?&nbsp;<\/strong><\/h2>\n<p id=\"\">Il n\u2019existe, \u00e0 ce jour, pas de forme particuli\u00e8re pour r\u00e9diger l\u2019attestation de formation, ni de mod\u00e8le d\u2019attestation officiel.&nbsp;<\/p>\n<p id=\"\">\u200d<\/p>\n<h3 id=\"\"><strong id=\"\">La d\u00e9livrance de l\u2019attestation de suivi de formation&nbsp;<\/strong><\/h3>\n<p id=\"\">L\u2019attestation de formation est d\u00e9livr\u00e9e par tout organisme, titulaire ou non d\u2019une certification Qualiopi. Le Minist\u00e8re du Travail, de la Sant\u00e9 et de la Solidarit\u00e9 d\u00e9finit cette certification comme une marque attestant <em id=\"\">\u201cde la qualit\u00e9 du processus mis en \u0153uvre par les prestataires d\u2019actions concourant au d\u00e9veloppement des comp\u00e9tences\u201d <\/em>et permettant \u201c<em id=\"\">une plus grande lisibilit\u00e9 de l\u2019offre de formation aupr\u00e8s des entreprises et des usagers\u201d.<\/em><\/p>\n<p id=\"\">Il n\u2019existe, \u00e0 ce jour, pas de forme particuli\u00e8re pour r\u00e9diger l\u2019attestation de formation, ni de mod\u00e8le d\u2019attestation officiel.&nbsp;<\/p>\n<p id=\"\">\u200d<\/p>\n<h3 id=\"\"><strong id=\"\">Les \u00e9l\u00e9ments devant figurer sur l\u2019attestation de suivi de formation<\/strong><\/h3>\n<p id=\"\">Pour pouvoir justifier l\u2019acquisition de comp\u00e9tences donn\u00e9es par l\u2019apprenant aupr\u00e8s du responsable de formation au sein de l\u2019organisation ou de son futur employeur, les \u00e9l\u00e9ments suivants doivent figurer sur l\u2019attestation de formation :&nbsp;<\/p>\n<ul id=\"\">\n<li id=\"\">La nature de la formation&nbsp;<\/li>\n<li id=\"\">Sa dur\u00e9e&nbsp;<\/li>\n<li id=\"\">Les objectifs \u00e0 atteindre et ceux atteints<\/li>\n<\/ul>\n<p id=\"\">Le formateur peut ajouter ses appr\u00e9ciations personnelles sur le d\u00e9roul\u00e9 de la formation et l\u2019assiduit\u00e9 du collaborateur.<\/p>\n<p id=\"\">\u200d<\/p>\n<p id=\"\">Sources :&nbsp;<\/p>\n<p id=\"\">Attestation de formation &#8211; <a href=\"https:\/\/www.digiforma.com\/attestation-de-formation\/\" id=\"\" target=\"_blank\" rel=\"noopener\">Digiforma<\/a><\/p>\n<p id=\"\">Qu\u2019est-ce qu\u2019un certificat de formation ? &#8211; <a href=\"https:\/\/www.abskill.com\/informations-sur-la-formation-professionnelle\/quest-ce-quun-certificat-de-formation\/\" id=\"\" target=\"_blank\" rel=\"noopener\">Abskill<\/a><\/p>\n<p id=\"\">Certification professionnelle : valeur, d\u00e9finition et obtention &#8211; <a href=\"https:\/\/emploi.lefigaro.fr\/formation\/guide-de-la-formation-professionnelle\/1131-certification-professionnelle-valeur-definition-et-obtention\/\" id=\"\" target=\"_blank\" rel=\"noopener\">Le Figaro<\/a><\/p>\n<p id=\"\">Bilan de formation &#8211; <a href=\"https:\/\/www.cedip.developpement-durable.gouv.fr\/bilan-de-formation-a123.html\" id=\"\" target=\"_blank\" rel=\"noopener\">Minist\u00e8re de la Transition \u00c9cologique et de la Coh\u00e9sion des Territoires<\/a><\/p>\n<p id=\"\">Droit de la Formation &#8211; <a href=\"https:\/\/www.centre-inffo.fr\/site-droit-formation\/actualites-droit\/attestation-de-formation-quelle-responsabilite-de-lemployeur#:~:text=Dans%20une%20d%C3%A9cision%20du%2013,les%20remettant%20pas%20au%20salari%C3%A9\" id=\"\" target=\"_blank\" rel=\"noopener\">Centre Inffo<\/a><\/p>\n","protected":false},"excerpt":{"rendered":"<p>Les entreprises sont de plus en plus nombreuses \u00e0 proposer des programmes de formation \u00e0 leurs salari\u00e9s. \u00c0 la fin de la p\u00e9riode de stage, une attestation de suivi de formation est g\u00e9n\u00e9ralement d\u00e9livr\u00e9e.&nbsp; Qu\u2019est-ce que l\u2019attestation de suivi de formation ? Est-elle obligatoire ? Quelle est sa valeur ? R\u00e9ponses dans cet article. \u200d [&hellip;]<\/p>\n","protected":false},"author":2,"featured_media":106,"comment_status":"closed","ping_status":"closed","sticky":false,"template":"","format":"standard","meta":{"_et_pb_use_builder":"","_et_pb_old_content":"","_et_gb_content_width":"","footnotes":""},"categories":[31],"tags":[35],"_links":{"self":[{"href":"https:\/\/www.klarahr.com\/blog\/wp-json\/wp\/v2\/posts\/105"}],"collection":[{"href":"https:\/\/www.klarahr.com\/blog\/wp-json\/wp\/v2\/posts"}],"about":[{"href":"https:\/\/www.klarahr.com\/blog\/wp-json\/wp\/v2\/types\/post"}],"author":[{"embeddable":true,"href":"https:\/\/www.klarahr.com\/blog\/wp-json\/wp\/v2\/users\/2"}],"replies":[{"embeddable":true,"href":"https:\/\/www.klarahr.com\/blog\/wp-json\/wp\/v2\/comments?post=105"}],"version-history":[{"count":1,"href":"https:\/\/www.klarahr.com\/blog\/wp-json\/wp\/v2\/posts\/105\/revisions"}],"predecessor-version":[{"id":704,"href":"https:\/\/www.klarahr.com\/blog\/wp-json\/wp\/v2\/posts\/105\/revisions\/704"}],"wp:featuredmedia":[{"embeddable":true,"href":"https:\/\/www.klarahr.com\/blog\/wp-json\/wp\/v2\/media\/106"}],"wp:attachment":[{"href":"https:\/\/www.klarahr.com\/blog\/wp-json\/wp\/v2\/media?parent=105"}],"wp:term":[{"taxonomy":"category","embeddable":true,"href":"https:\/\/www.klarahr.com\/blog\/wp-json\/wp\/v2\/categories?post=105"},{"taxonomy":"post_tag","embeddable":true,"href":"https:\/\/www.klarahr.com\/blog\/wp-json\/wp\/v2\/tags?post=105"}],"curies":[{"name":"wp","href":"https:\/\/api.w.org\/{rel}","templated":true}]}}