{"id":127,"date":"2024-10-24T16:44:29","date_gmt":"2024-10-24T16:44:29","guid":{"rendered":"http:\/\/51.159.152.193\/blog\/?p=127"},"modified":"2024-10-24T21:18:38","modified_gmt":"2024-10-24T21:18:38","slug":"des-nouveautes-en-veux-tu-en-voila","status":"publish","type":"post","link":"https:\/\/www.klarahr.com\/blog\/des-nouveautes-en-veux-tu-en-voila\/","title":{"rendered":"Des nouveaut\u00e9s en veux-tu en voil\u00e0 !"},"content":{"rendered":"<p id=\"\">Klara ne cesse de penser \u00e0 ses utilisateurs et cherche \u00e0 r\u00e9soudre vos probl\u00e9matiques co\u00fbte que co\u00fbte. C\u2019est pourquoi la start-up propose constamment des outils plus performants et des fonctionnalit\u00e9s nouvelles.<\/p>\n<h2 id=\"\"><strong id=\"\">Des am\u00e9liorations constantes<\/strong><br \/><\/h2>\n<p id=\"\">Klara s\u2019adapte \u00e0 votre entreprise et \u00e0 votre organisation hybride incluant notamment le t\u00e9l\u00e9travail. C\u2019est pourquoi, pour communiquer sur vos entretiens annuels et sur le suivi de vos collaborateurs, Klara automatise et personnalise vos questionnaires. D\u00e9terminez votre r\u00e9f\u00e9rent, apprenant et groupe sp\u00e9cifique, adaptez vos d\u00e9lais d\u2019envois, informez sur le but de la mission\u2026<\/p>\n<p id=\"\">Il \u00e9tait possible depuis quelques semaines d\u2019ins\u00e9rer des fichiers joints sur les questions de ces m\u00eames questionnaires. Aujourd\u2019hui vous pouvez \u00e9galement en ajouter dans vos sections. Les sections sont des groupes de questions cr\u00e9\u00e9s dans vos questionnaires en fonction du sujet que vous souhaitez aborder.<\/p>\n<p id=\"\">Par exemple, si vous parlez \u201cr\u00e9seaux sociaux\u201d, vous pouvez inclure une section \u201cFacebook\u201d avec 4 questions incluses, une section \u201cInstagram\u201d avec 8 questions, etc.<\/p>\n<p id=\"\">Klara supporte tout type d\u2019image (png, jpeg), les formats PDF, les fichiers EXCEL, les documents WORD et plus encore.<\/p>\n<p id=\"\"><\/p>\n<figure id=\"\" class=\"w-richtext-figure-type-image w-richtext-align-center\" data-rt-type=\"image\" data-rt-align=\"center\">\n<div id=\"\"><img decoding=\"async\" src=\"http:\/\/51.159.152.193\/blog\/wp-content\/uploads\/2024\/10\/6422bf386a544a21373cbffa_61b9a575f5b6634ebdf76b25_NTkgZ8o_w_Hh5O_iCJ0ZOiHO805piRiw1rS1AMK8r5a8V50wTmLb8fyMiADCZOXdasSBVrZ-OD4W-FMRdkwR86MsXQXuEgZkFMvVcPaBEzVK4WoZT7jtOe2Qfa69QoQYq8P0rS9I.png\" id=\"\" width=\"auto\" height=\"auto\" loading=\"auto\" alt=\"\"><\/div>\n<\/figure>\n<figure id=\"\" class=\"w-richtext-figure-type-image w-richtext-align-center\" data-rt-type=\"image\" data-rt-align=\"center\">\n<div id=\"\"><img decoding=\"async\" src=\"http:\/\/51.159.152.193\/blog\/wp-content\/uploads\/2024\/10\/6422bf386a544a80883cbffc_61b9a576371e3a6fb75153d2_WKWRTsqgBiY3rwIwxwfQXBRLPZHj16KNhFevFqT8AwyQMGajF_w5jKJfDheCXqklO20amSU9EB1bUF7JFSz1TvgCxaB6B58n-7g6wCawg7KC8QbLtd7jIw4_7lzdQKm6myp7ArUB.png\" id=\"\" width=\"auto\" height=\"auto\" loading=\"auto\" alt=\"\"><\/div>\n<\/figure>\n<p id=\"\">L\u2019exp\u00e9rience de vos collaborateurs est notre priorit\u00e9, c\u2019est pourquoi nous souhaitons l\u2019optimiser au maximum. Engagez vos \u00e9quipes, organisez vos objectifs et assurez un suivi digital impactant pour vos collaborateurs, c\u2019est l\u00e0 toute l\u2019ADN de Klara.<\/p>\n<p id=\"\">Klara vous fait gagner du temps consid\u00e9rable sur vos processus de formations, de gestion de carri\u00e8re ou encore de talent management, vous offrant ainsi une exp\u00e9rience d\u2019utilisation polyvalente et compl\u00e8te.<\/p>\n<p id=\"\">N\u2019h\u00e9sitez pas \u00e0 contacter l\u2019expert RH Klara pour d\u00e9couvrir la plateforme sous toutes ses coutures : <a href=\"https:\/\/www.klarahr.com\/demarrer-maintenant\"><strong id=\"\">Demandez une d\u00e9mo<\/strong><\/a><\/p>\n","protected":false},"excerpt":{"rendered":"<p>Klara ne cesse de penser \u00e0 ses utilisateurs et cherche \u00e0 r\u00e9soudre vos probl\u00e9matiques co\u00fbte que co\u00fbte. C\u2019est pourquoi la start-up propose constamment des outils plus performants et des fonctionnalit\u00e9s nouvelles. Des am\u00e9liorations constantes Klara s\u2019adapte \u00e0 votre entreprise et \u00e0 votre organisation hybride incluant notamment le t\u00e9l\u00e9travail. C\u2019est pourquoi, pour communiquer sur vos entretiens [&hellip;]<\/p>\n","protected":false},"author":2,"featured_media":128,"comment_status":"closed","ping_status":"closed","sticky":false,"template":"","format":"standard","meta":{"_et_pb_use_builder":"","_et_pb_old_content":"","_et_gb_content_width":"","footnotes":""},"categories":[34],"tags":[35],"_links":{"self":[{"href":"https:\/\/www.klarahr.com\/blog\/wp-json\/wp\/v2\/posts\/127"}],"collection":[{"href":"https:\/\/www.klarahr.com\/blog\/wp-json\/wp\/v2\/posts"}],"about":[{"href":"https:\/\/www.klarahr.com\/blog\/wp-json\/wp\/v2\/types\/post"}],"author":[{"embeddable":true,"href":"https:\/\/www.klarahr.com\/blog\/wp-json\/wp\/v2\/users\/2"}],"replies":[{"embeddable":true,"href":"https:\/\/www.klarahr.com\/blog\/wp-json\/wp\/v2\/comments?post=127"}],"version-history":[{"count":1,"href":"https:\/\/www.klarahr.com\/blog\/wp-json\/wp\/v2\/posts\/127\/revisions"}],"predecessor-version":[{"id":712,"href":"https:\/\/www.klarahr.com\/blog\/wp-json\/wp\/v2\/posts\/127\/revisions\/712"}],"wp:featuredmedia":[{"embeddable":true,"href":"https:\/\/www.klarahr.com\/blog\/wp-json\/wp\/v2\/media\/128"}],"wp:attachment":[{"href":"https:\/\/www.klarahr.com\/blog\/wp-json\/wp\/v2\/media?parent=127"}],"wp:term":[{"taxonomy":"category","embeddable":true,"href":"https:\/\/www.klarahr.com\/blog\/wp-json\/wp\/v2\/categories?post=127"},{"taxonomy":"post_tag","embeddable":true,"href":"https:\/\/www.klarahr.com\/blog\/wp-json\/wp\/v2\/tags?post=127"}],"curies":[{"name":"wp","href":"https:\/\/api.w.org\/{rel}","templated":true}]}}