{"id":145,"date":"2024-10-24T16:46:04","date_gmt":"2024-10-24T16:46:04","guid":{"rendered":"http:\/\/51.159.152.193\/blog\/?p=145"},"modified":"2025-10-01T15:33:40","modified_gmt":"2025-10-01T15:33:40","slug":"et-toi-tu-votes-qui-parler-politique-au-travail","status":"publish","type":"post","link":"https:\/\/www.klarahr.com\/blog\/et-toi-tu-votes-qui-parler-politique-au-travail\/","title":{"rendered":"Et toi, tu votes qui ? Parler politique au travail"},"content":{"rendered":"<h2 id=\"\"><strong id=\"\">Parler librement<\/strong><\/h2>\n<p id=\"\">Exprimer ses opinions politiques dans son lieu de travail et engager le dialogue est enti\u00e8rement votre droit, cela rel\u00e8ve en effet de la libert\u00e9 d\u2019expression. Le Code du Travail stipule clairement que \u00ab les opinions que les salari\u00e9s, quelle que soit leur place dans la hi\u00e9rarchie professionnelle, \u00e9mettent dans l\u2019exercice du droit d\u2019expression ne peuvent motiver une sanction ou licenciement. \u00bb (L2281-3) D\u00e8s lors, rien ne vous emp\u00eache de parler librement de vos convictions aussi politiques soit-elles. Mais \u00e0 quel prix ? Quelles en sont les limites ?<\/p>\n<p id=\"\">Cependant, malgr\u00e9 le fait que ce sujet reste libre, il en convient qu\u2019il peut devenir conflictuel quand deux personnes ne partagent pas les m\u00eames id\u00e9es. Et vous vous en doutez, il est assez rare lorsque le ton est d\u00e9j\u00e0 mont\u00e9, de voir ce genre de sujet s\u2019apaiser rapidement. Se cr\u00e9e alors d\u2019un simple d\u00e9saccord, une ambiance froide voire glaciale et une d\u00e9gradation des relations au sein du bureau.<\/p>\n<h2 id=\"\"><strong id=\"\">La limite<\/strong><\/h2>\n<p id=\"\">Il est certes autoris\u00e9 de parler politique et d\u2019exprimer vos opinions, cependant, il est important de ne pas imposer vos id\u00e9aux. Le pros\u00e9lytisme par exemple, distribution de tracts appelant \u00e0 voter pour un.e politicien.ne, est interdit en entreprise. Vous pouvez \u00eatre sanctionn\u00e9 si vous manifestez trop vos opinions. En ce sens, le principe de neutralit\u00e9 en entreprise s&rsquo;impose depuis 2016 avec la loi Travail. Votre employeur peut alors consid\u00e9rer votre attitude comme un abus qui d\u00e9grade le bon fonctionnement de votre \u00e9quipe et de l\u2019ambiance au bureau et vous sanctionner pour cette raison. Mais cela reste dans la limite du raisonnable, un licenciement pour une faute comme celle-ci serait vue comme discriminante.<\/p>\n<p id=\"\">M\u00eame si parler politique est important afin d\u2019\u00e9changer sur des opinions diff\u00e9rentes, il est parfois d\u00e9conseill\u00e9 d\u2019aborder ce genre de sujet au bureau. Il y a en effet parfois beaucoup \u00e0 perdre dans son environnement de travail qui est souvent l\u00e0 o\u00f9 les divergences d\u2019opinions sont les plus fortes. Il demeure risqu\u00e9 d&rsquo;afficher ses pr\u00e9f\u00e9rences au travail. C&rsquo;est l\u00e0, plus que parmi les proches, que les probabilit\u00e9s de trouver des personnes avec des opinions diff\u00e9rentes des v\u00f4tres. <\/p>\n<h2 id=\"\"><strong id=\"\">En bref,<\/strong><\/h2>\n<p id=\"\">Aborder des sujets politiques au bureau n\u2019est pas interdit, personne ne pourra vous punir pour cela. Il est cependant important de savoir garder des limites, parler librement oui, mais \u00e0 quel prix ? Attention \u00e0 ne pas voir vos opinions d\u00e9grader vos relations et votre environnement de travail. Il est important d\u2019avoir ses propres convictions, et de savoir les aborder de mani\u00e8re calme face \u00e0 des avis qui divergent. <\/p>\n","protected":false},"excerpt":{"rendered":"<p>Parler librement Exprimer ses opinions politiques dans son lieu de travail et engager le dialogue est enti\u00e8rement votre droit, cela rel\u00e8ve en effet de la libert\u00e9 d\u2019expression. Le Code du Travail stipule clairement que \u00ab les opinions que les salari\u00e9s, quelle que soit leur place dans la hi\u00e9rarchie professionnelle, \u00e9mettent dans l\u2019exercice du droit d\u2019expression [&hellip;]<\/p>\n","protected":false},"author":2,"featured_media":146,"comment_status":"closed","ping_status":"closed","sticky":false,"template":"","format":"standard","meta":{"_et_pb_use_builder":"","_et_pb_old_content":"","_et_gb_content_width":"","footnotes":""},"categories":[34],"tags":[35],"_links":{"self":[{"href":"https:\/\/www.klarahr.com\/blog\/wp-json\/wp\/v2\/posts\/145"}],"collection":[{"href":"https:\/\/www.klarahr.com\/blog\/wp-json\/wp\/v2\/posts"}],"about":[{"href":"https:\/\/www.klarahr.com\/blog\/wp-json\/wp\/v2\/types\/post"}],"author":[{"embeddable":true,"href":"https:\/\/www.klarahr.com\/blog\/wp-json\/wp\/v2\/users\/2"}],"replies":[{"embeddable":true,"href":"https:\/\/www.klarahr.com\/blog\/wp-json\/wp\/v2\/comments?post=145"}],"version-history":[{"count":2,"href":"https:\/\/www.klarahr.com\/blog\/wp-json\/wp\/v2\/posts\/145\/revisions"}],"predecessor-version":[{"id":2845,"href":"https:\/\/www.klarahr.com\/blog\/wp-json\/wp\/v2\/posts\/145\/revisions\/2845"}],"wp:featuredmedia":[{"embeddable":true,"href":"https:\/\/www.klarahr.com\/blog\/wp-json\/wp\/v2\/media\/146"}],"wp:attachment":[{"href":"https:\/\/www.klarahr.com\/blog\/wp-json\/wp\/v2\/media?parent=145"}],"wp:term":[{"taxonomy":"category","embeddable":true,"href":"https:\/\/www.klarahr.com\/blog\/wp-json\/wp\/v2\/categories?post=145"},{"taxonomy":"post_tag","embeddable":true,"href":"https:\/\/www.klarahr.com\/blog\/wp-json\/wp\/v2\/tags?post=145"}],"curies":[{"name":"wp","href":"https:\/\/api.w.org\/{rel}","templated":true}]}}