{"id":155,"date":"2024-10-24T16:46:07","date_gmt":"2024-10-24T16:46:07","guid":{"rendered":"http:\/\/51.159.152.193\/blog\/?p=155"},"modified":"2025-10-01T15:32:30","modified_gmt":"2025-10-01T15:32:30","slug":"evaluer-une-formation-professionnelle-les-strategies","status":"publish","type":"post","link":"https:\/\/www.klarahr.com\/blog\/evaluer-une-formation-professionnelle-les-strategies\/","title":{"rendered":"\u00c9valuer une formation professionnelle : les strat\u00e9gies"},"content":{"rendered":"<p id=\"\">L&rsquo;\u00e9valuation d&rsquo;une formation professionnelle est cruciale, bien plus qu&rsquo;une simple formalit\u00e9. Est-elle un investissement judicieux ou un fardeau pour votre entreprise ? Alors que plus de 90% des entreprises se contentent de mesurer la satisfaction post-formation, peu osent explorer des m\u00e9thodes d&rsquo;\u00e9valuation plus approfondies, souvent frein\u00e9es par le manque de temps ou de comp\u00e9tences ad\u00e9quates.<\/p>\n<p id=\"\">Il est essentiel de comprendre que l&rsquo;\u00e9valuation est un levier strat\u00e9gique, pas seulement un co\u00fbt suppl\u00e9mentaire. Elle permet d&rsquo;appr\u00e9cier l&rsquo;impact de la formation sur les performances individuelles et collectives, alignant ainsi l&rsquo;apprentissage avec les objectifs globaux de l&rsquo;entreprise. En bref, \u00e9valuer une formation, c&rsquo;est investir judicieusement pour l&rsquo;avenir de votre organisation.<\/p>\n<p id=\"\">\u200d<\/p>\n<h2 id=\"\"><strong id=\"\">Pourquoi faut-il \u00e9valuer une formation ?<\/strong><\/h2>\n<p id=\"\">Le<a href=\"https:\/\/www.klarahr.com\/cas-usages\/formation\" id=\"\"> <strong id=\"\">suivi de formation<\/strong><\/a> passe aussi par son \u00e9valuation. \u00c9valuer une formation permet de mesurer toute l\u2019efficacit\u00e9 des actions p\u00e9dagogiques mises en place. Cela sert \u00e0 v\u00e9rifier si les dispositifs de formation, comme le contenu ou encore la qualit\u00e9 de l\u2019animation, r\u00e9pondent bien \u00e0 la demande initiale. Les actions de formation doivent aussi r\u00e9pondre aux besoins des clients et des stagiaires. Si vous voulez proposer une<a href=\"https:\/\/www.klarahr.com\/post\/passer-a-lere-de-la-formation-impactante\" id=\"\"> <strong id=\"\">formation impactante<\/strong><\/a>, il faut savoir que l\u2019\u00e9valuation est importante \u00e0 la fois pour l\u2019employeur, le formateur et le collaborateur.<\/p>\n<h2 id=\"\"><strong id=\"\">Que dit la loi sur l\u2019\u00e9valuation d\u2019une formation ?<\/strong><\/h2>\n<p id=\"\">En ce qui concerne la r\u00e9glementation, il faut se r\u00e9f\u00e9rer \u00e0 la loi du 5 mars 2014 relative \u00e0 la formation professionnelle. Cette loi impose aux entreprises d\u2019\u00e9valuer leur formation en utilisant des documents sp\u00e9cifiques. La r\u00e9glementation fait r\u00e9f\u00e9rence \u00e0 l\u2019article L.6362-5 du Code du Travail qui oblige les formateurs \u00e0 justifier l\u2019existence de leurs dispositifs de formation. Entretiens individuels, rapports d\u2019atteinte des objectifs, listes d\u2019\u00e9margement, <strong id=\"\">livret de formation<\/strong> et autres outils d\u2019\u00e9valuation permettent de r\u00e9pondre \u00e0 cette r\u00e9glementation.<\/p>\n<h2 id=\"\"><strong id=\"\">Qui doit \u00e9valuer la formation ?<\/strong><\/h2>\n<p id=\"\">L\u2019entreprise a la charge d\u2019\u00e9valuer la formation. Elle doit appr\u00e9cier les impacts des actions sur les collaborateurs concern\u00e9s tout en \u00e9valuant le formateur charg\u00e9 de dispenser la formation. Il faut donc analyser diff\u00e9rents points \u00e0 la fois comme :<\/p>\n<p id=\"\">\u2022 performances individuelles ;<\/p>\n<p id=\"\">\u2022 valeur ajout\u00e9e ;<\/p>\n<p id=\"\">\u2022 retour sur investissement ;<\/p>\n<p id=\"\">\u2022 \u00e9tude du contenu de la formation ;<\/p>\n<p id=\"\">\u2022 \u00e9tude de la m\u00e9thode d\u2019enseignement ;<\/p>\n<p id=\"\">\u2022 analyse des qualit\u00e9s p\u00e9dagogiques.<\/p>\n<p id=\"\">Une formation professionnelle est une action globale dans une entreprise, son \u00e9valuation doit \u00eatre g\u00e9n\u00e9rale pour \u00eatre juste.<\/p>\n<h2 id=\"\"><strong id=\"\">Quels outils utiliser pour \u00e9valuer une formation ?<\/strong><\/h2>\n<p id=\"\">Une des \u00e9tapes importantes de l\u2019\u00e9valuation de la formation est la cr\u00e9ation du questionnaire qui servira \u00e0 recueillir les feedbacks des participants. Il est important de prendre le temps de concevoir un questionnaire adapt\u00e9 \u00e0 chaque formation professionnelle. En suivant diff\u00e9rentes \u00e9tapes, vous pourrez concevoir un questionnaire de satisfaction de formation tr\u00e8s complet et pertinent. Actuellement, de nombreux outils sont disponibles pour que la cr\u00e9ation du questionnaire soit simple, rapide et intuitive.<\/p>\n<p id=\"\">L\u2019outil le plus connu est certainement Google Forms qui offre diff\u00e9rents avantages pour cr\u00e9er un questionnaire en ligne professionnel. Gr\u00e2ce \u00e0 une solution compl\u00e8te pour le suivi de la formation, b\u00e9n\u00e9ficiez d\u2019une plateforme de suivi personnalis\u00e9e qui offre une exp\u00e9rience plus sereine pour la gestion de toutes vos formations.<\/p>\n<p id=\"\">Un outil d\u2019\u00e9valuation performant permet d\u2019enrichir et de mesurer l\u2019impact de vos dispositifs de formation aupr\u00e8s des collaborateurs gr\u00e2ce \u00e0 l\u2019utilisation d\u2019outils innovants et \u00e0 la mise en place de strat\u00e9gies efficaces. Notre plateforme de suivi de formation vous permet de visualiser l\u2019\u00e9volution de vos collaborateurs facilement, elle vous offre une remont\u00e9e d\u2019informations pr\u00e9cise et vous permet de mesurer les impacts de vos actions pour un pilotage plus fluide des initiatives.<\/p>\n<p id=\"\">L\u2019\u00e9valuation de l\u2019impact de vos formations est indispensable pour mesurer les comp\u00e9tences acquises des participants ainsi que leur satisfaction gr\u00e2ce \u00e0 leurs retours et \u00e0 ceux des managers.<\/p>\n<h2 id=\"\"><strong id=\"\">Quand faut-il \u00e9valuer la formation ?<\/strong><\/h2>\n<p id=\"\">Pour \u00e9valuer une formation, il faut \u00e9galement choisir le bon moment. L\u2019\u00e9valuation de l\u2019efficacit\u00e9 d\u2019une formation doit se faire sur plusieurs \u00e9tapes :<\/p>\n<p id=\"\">\u2022 &nbsp; &nbsp; &nbsp; <strong id=\"\">avant la participation \u00e0 la formation :<\/strong> il faut envoyer un questionnaire de comp\u00e9tences en lien avec la formation. Ainsi, le formateur peut conna\u00eetre le niveau des collaborateurs, et les difficult\u00e9s qui pourraient \u00eatre rencontr\u00e9es pendant la formation ;<\/p>\n<p id=\"\">\u2022 &nbsp; &nbsp; &nbsp; <strong id=\"\">\u00e0 chaud (tout de suite apr\u00e8s la formation) :<\/strong> un questionnaire de satisfaction doit \u00eatre envoy\u00e9 \u00e0 chaud aux participants, c\u2019est-\u00e0-dire tout de suite apr\u00e8s la formation. Cela permet de conna\u00eetre le ressenti imm\u00e9diat des participants ;<\/p>\n<p id=\"\">\u2022 &nbsp; &nbsp; &nbsp; <strong id=\"\">\u00e0 froid (plusieurs mois apr\u00e8s la formation) :<\/strong> environ 6 mois apr\u00e8s la formation, le questionnaire de comp\u00e9tences doit \u00eatre renvoy\u00e9 aux participants. Le but est de savoir si les b\u00e9n\u00e9fices de la formation ont perdur\u00e9 dans le temps, et si les comp\u00e9tences acquises sont bien appliqu\u00e9es au quotidien.<\/p>\n<p id=\"\">\u00c9valuer la formation sur plusieurs temps permet de mieux appr\u00e9cier son efficacit\u00e9, et de mieux \u00e9valuer la satisfaction des collaborateurs.<\/p>\n<h2 id=\"\"><strong id=\"\">\u00c0 quoi sert le taux de satisfaction d\u2019une formation ?<\/strong><\/h2>\n<p id=\"\">L&rsquo;\u00e9valuation d&rsquo;une formation est un aspect fondamental, tant pour les entreprises que pour les organismes de formation. L\u2019\u00e9valuation se traduit par un indicateur cl\u00e9 : le taux de satisfaction. Ce dernier est non seulement un reflet de la performance commerciale, mais aussi un gage de la qualit\u00e9 des formations propos\u00e9es.<\/p>\n<p id=\"\">Dans le cadre de la certification Qualiopi, la mesure de la performance des formations est devenue une exigence incontournable. Ce taux de satisfaction, mis en avant dans les offres commerciales et sur les r\u00e9seaux sociaux, t\u00e9moigne de l&rsquo;engagement de l&rsquo;organisme de formation envers l&rsquo;excellence.<\/p>\n<p id=\"\">L&rsquo;\u00e9valuation ne se limite pas \u00e0 un simple processus administratif, elle est un v\u00e9ritable gage de qualit\u00e9, essentiel pour les clients, les collaborateurs, et les formateurs eux-m\u00eames.<\/p>\n<p id=\"\">\u200d<\/p>\n","protected":false},"excerpt":{"rendered":"<p>L&rsquo;\u00e9valuation d&rsquo;une formation professionnelle est cruciale, bien plus qu&rsquo;une simple formalit\u00e9. Est-elle un investissement judicieux ou un fardeau pour votre entreprise ? Alors que plus de 90% des entreprises se contentent de mesurer la satisfaction post-formation, peu osent explorer des m\u00e9thodes d&rsquo;\u00e9valuation plus approfondies, souvent frein\u00e9es par le manque de temps ou de comp\u00e9tences ad\u00e9quates. [&hellip;]<\/p>\n","protected":false},"author":2,"featured_media":153,"comment_status":"closed","ping_status":"closed","sticky":false,"template":"","format":"standard","meta":{"_et_pb_use_builder":"","_et_pb_old_content":"","_et_gb_content_width":"","footnotes":""},"categories":[31],"tags":[35],"_links":{"self":[{"href":"https:\/\/www.klarahr.com\/blog\/wp-json\/wp\/v2\/posts\/155"}],"collection":[{"href":"https:\/\/www.klarahr.com\/blog\/wp-json\/wp\/v2\/posts"}],"about":[{"href":"https:\/\/www.klarahr.com\/blog\/wp-json\/wp\/v2\/types\/post"}],"author":[{"embeddable":true,"href":"https:\/\/www.klarahr.com\/blog\/wp-json\/wp\/v2\/users\/2"}],"replies":[{"embeddable":true,"href":"https:\/\/www.klarahr.com\/blog\/wp-json\/wp\/v2\/comments?post=155"}],"version-history":[{"count":2,"href":"https:\/\/www.klarahr.com\/blog\/wp-json\/wp\/v2\/posts\/155\/revisions"}],"predecessor-version":[{"id":2843,"href":"https:\/\/www.klarahr.com\/blog\/wp-json\/wp\/v2\/posts\/155\/revisions\/2843"}],"wp:featuredmedia":[{"embeddable":true,"href":"https:\/\/www.klarahr.com\/blog\/wp-json\/wp\/v2\/media\/153"}],"wp:attachment":[{"href":"https:\/\/www.klarahr.com\/blog\/wp-json\/wp\/v2\/media?parent=155"}],"wp:term":[{"taxonomy":"category","embeddable":true,"href":"https:\/\/www.klarahr.com\/blog\/wp-json\/wp\/v2\/categories?post=155"},{"taxonomy":"post_tag","embeddable":true,"href":"https:\/\/www.klarahr.com\/blog\/wp-json\/wp\/v2\/tags?post=155"}],"curies":[{"name":"wp","href":"https:\/\/api.w.org\/{rel}","templated":true}]}}