{"id":179,"date":"2024-10-24T16:46:18","date_gmt":"2024-10-24T16:46:18","guid":{"rendered":"http:\/\/51.159.152.193\/blog\/?p=179"},"modified":"2025-10-01T15:28:49","modified_gmt":"2025-10-01T15:28:49","slug":"handicap-en-entreprise-entre-evolution-et-obligation","status":"publish","type":"post","link":"https:\/\/www.klarahr.com\/blog\/handicap-en-entreprise-entre-evolution-et-obligation\/","title":{"rendered":"Handicap en entreprise, entre \u00e9volution et obligation"},"content":{"rendered":"<p id=\"\">La notion de handicap est diff\u00e9rente de celle d\u2019handicap au travail : Art.L.114 Code de l\u2019action sociale et des familles, \u201cConstitue un handicap, au sens de la pr\u00e9sente loi, toute limitation d\u2019activit\u00e9 ou restriction de participation \u00e0 la vie en soci\u00e9t\u00e9 subie dans son environnement par une personne en raison d\u2019une alt\u00e9ration substantielle, durable ou d\u00e9finitive d\u2019une ou plusieurs fonctions physiques, sensorielles, mentales, cognitives ou psychiques, d\u2019un polyhandicap ou d\u2019un trouble de sant\u00e9 invalidant.\u201c Cette d\u00e9finition couvre un ensemble de situations, le handicap physique ; &nbsp;mental ; visible ou invisible, il n\u2019y a pas une seule notion d\u2019handicap. <\/p>\n<p id=\"\">Et cette notion est aussi diff\u00e9rente lorsqu\u2019on l\u2019aborde au travail, on adapte ainsi la d\u00e9finition : \u201cLe handicap au travail se d\u00e9finit comme l\u2019impossibilit\u00e9 pour une personne, du fait de ses probl\u00e9matiques de sant\u00e9, de pouvoir r\u00e9aliser l\u2019ensemble des t\u00e2ches qui lui sont confi\u00e9es dans le cadre de son environnement de travail\u201d (Selon l\u2019ANFH)<\/p>\n<h2 id=\"\"><strong id=\"\">Retour dans le pass\u00e9<\/strong><\/h2>\n<p id=\"\">On reconna\u00eet avec le temps les difficult\u00e9s v\u00e9cues par les personnes en situation de handicap dans le monde du travail, mais c\u2019est aussi avec le temps que l\u2019on remarque aussi certains progr\u00e8s. C\u2019est en 1987 avec la loi du 10 juillet 1987 que l\u2019on stimule la question de l\u2019emploi des personnes en situation de handicap en entreprise. Cette loi est \u00e9tudi\u00e9e selon deux enqu\u00eates de l\u2019institut Louis Harris. <\/p>\n<p id=\"\">La premi\u00e8re enqu\u00eate est tir\u00e9e d\u2019un sondage r\u00e9alis\u00e9 pour l&rsquo;AGEFIPH et LADAPT (2002) &nbsp;\u201cLes entreprises face \u00e0 l\u2019emploi des personnes handicap\u00e9es.\u201d On retient \u00e0 travers ce sondage de nombreux points :<\/p>\n<ul id=\"\">\n<li id=\"\">Les entreprises sont en majorit\u00e9 (87%) satisfaites sur l\u2019exp\u00e9rience d\u2019emploi des personnes en situation de handicap.<\/li>\n<li id=\"\">Les handicaps qui, selon les employeurs, constituent un frein sont, dans l\u2019ordre : moteur, mental, sensoriel et handicap lourd.<\/li>\n<li id=\"\">L\u2019obligation l\u00e9gale passe en dernier, l\u2019embauche est \u00e0 60% banalis\u00e9e, \u00e0 40% consid\u00e9r\u00e9e comme acte de civisme et \u00e0 40% comme une bonne action.<\/li>\n<li id=\"\">Tandis que 83% des collaborateurs se disent favorables \u00e0 l\u2019embauche de personnes en situation de handicap, ce n\u2019est seulement que 60% des employeurs qui le sont.<\/li>\n<\/ul>\n<p id=\"\">La deuxi\u00e8me enqu\u00eate se nomme \u201cHandicap\u00e9s comp\u00e9tents\u00a0\u00bb (2003) elle porte sur l\u2019opinion des personnes qui sont coll\u00e8gues ou en activit\u00e9s professionnelles avec des travailleurs en situation de handicap. Louis Harris en fait une synth\u00e8se qu\u2019il nomme \u201cBanalisation de l\u2019emploi des personnes handicap\u00e9es.\u201d Il explique dans celle-ci que le fait d\u2019avoir aujourd\u2019hui un coll\u00e8gue en situation de handicap est per\u00e7u comme banal, comme une \u201csituation comme un autre (85%)\u201d. C\u2019est pourquoi recruter une personne en situation de handicap est devenu pour une personne sur deux un acte banal. Ils sont vus comme \u201caussi performants (82%), ayant autant d\u2019esprit d\u2019\u00e9quipe qu\u2019eux (64%), autant capables de s\u2019int\u00e9grer (60%).\u201d Et ne font pas plus preuve d&rsquo;absent\u00e9isme que les autres (69%).<\/p>\n<p id=\"\">Une nouvelle loi fait surface par la suite, adopt\u00e9e le 11 f\u00e9vrier 2005, sur \u201cl\u2019\u00e9galit\u00e9 des droits et des chances, la participation et la citoyennet\u00e9 des personnes handicap\u00e9es\u201d qui apporte une modification quant \u00e0 la fa\u00e7on de comptabiliser les travailleurs handicap\u00e9s et le montant des contributions. Elle apporte ainsi un changement des plus importants : \u201cune introduction dans la n\u00e9gociation annuelle obligatoire, des actions de l\u2019entreprise en faveur des personnes handicap\u00e9es.\u201d Ce qui permet, en s\u2019inscrivant dans le calendrier commun, d&rsquo;\u00e9tendre la questions des personnes en situation de handicap \u00e0 l\u2019ensemble de la vie de l\u2019entreprise. <\/p>\n<h2 id=\"\"><strong id=\"\">Le constat aujourd\u2019hui<\/strong><\/h2>\n<p id=\"\">On pourrait penser \u00e0 travers ces exemples, qu\u2019une progression est bien en cours, que la route vers l\u2019acceptation des personnes en situation de handicap en entreprise et le fait d\u2019en faire \u201cune norme\u201d est actuelle et bien ancr\u00e9e. Cependant, les enqu\u00eates de l\u2019institut Louis Harris, sont, en comparaison \u00e0 d\u2019autres, bien positives. On peut ainsi prendre comme contre exemple celle de Velche et Auquetil qui \u00e9tudie les profils des employ\u00e9s face \u00e0 l\u2019embauche des personnes en situation de handicap, on retrouve ainsi 14% de personnes \u201ctr\u00e8s positives\u00a0\u00bb \u00e0 l\u2019id\u00e9e de recruter une personne en situation de handicap ; 21% favorables ; 24% neutres ; 14% non favorables et 27% n\u00e9gatives. Ces pourcentages, bien diff\u00e9rents de ceux vus avec Louis Harris, nous montrent que, malgr\u00e9 les nombreuses \u00e9volutions, le chemin est encore long.<\/p>\n<h2 id=\"\"><strong id=\"\">En conclusion,<\/strong><\/h2>\n<p id=\"\">Il est important qu\u2019une entreprise facilite les \u00e9changes, soit un lieu o\u00f9 tout le monde se sent accept\u00e9 et repr\u00e9sent\u00e9. Aujourd\u2019hui, l\u2019un des facteurs cl\u00e9 d\u2019attraction et de fid\u00e9lisation est l\u2019inclusion, Patrick Scharnitzky, docteur en psychologie sociale explique qu\u2019il faut pour am\u00e9liorer l\u2019engagement de vos collaborateurs, faire mieux que la \u201cqualit\u00e9 de vie au travail\u201d.<\/p>\n<p id=\"\">La discrimination des personnes en situation de handicap, positive, directe et indirecte est bien pr\u00e9sente, Louis Harris et ses deux enqu\u00eate nous le montre bien. Jean-Fran\u00e7ois Ravaud quant \u00e0 lui, stigmatise une discrimination claire. Il y a \u201cun paradoxe qui doit \u00eatre rapport\u00e9 \u00e0 la question de la discrimination.\u201d La question du handicap en entreprise, en France comme chez nos voisins europ\u00e9ens, est encore consid\u00e9r\u00e9e avec beaucoup de retard. C\u2019est une question d\u00e9licate qu&rsquo;il faut \u00e9tudier avec pr\u00e9caution. M\u00eame si cela peut para\u00eetre paradoxale, on peut noter que la discrimination positive \u201catteste d\u2019une r\u00e9elle efficacit\u00e9\u201d. <\/p>\n","protected":false},"excerpt":{"rendered":"<p>La notion de handicap est diff\u00e9rente de celle d\u2019handicap au travail : Art.L.114 Code de l\u2019action sociale et des familles, \u201cConstitue un handicap, au sens de la pr\u00e9sente loi, toute limitation d\u2019activit\u00e9 ou restriction de participation \u00e0 la vie en soci\u00e9t\u00e9 subie dans son environnement par une personne en raison d\u2019une alt\u00e9ration substantielle, durable ou [&hellip;]<\/p>\n","protected":false},"author":2,"featured_media":182,"comment_status":"closed","ping_status":"closed","sticky":false,"template":"","format":"standard","meta":{"_et_pb_use_builder":"","_et_pb_old_content":"","_et_gb_content_width":"","footnotes":""},"categories":[34],"tags":[35],"_links":{"self":[{"href":"https:\/\/www.klarahr.com\/blog\/wp-json\/wp\/v2\/posts\/179"}],"collection":[{"href":"https:\/\/www.klarahr.com\/blog\/wp-json\/wp\/v2\/posts"}],"about":[{"href":"https:\/\/www.klarahr.com\/blog\/wp-json\/wp\/v2\/types\/post"}],"author":[{"embeddable":true,"href":"https:\/\/www.klarahr.com\/blog\/wp-json\/wp\/v2\/users\/2"}],"replies":[{"embeddable":true,"href":"https:\/\/www.klarahr.com\/blog\/wp-json\/wp\/v2\/comments?post=179"}],"version-history":[{"count":2,"href":"https:\/\/www.klarahr.com\/blog\/wp-json\/wp\/v2\/posts\/179\/revisions"}],"predecessor-version":[{"id":2833,"href":"https:\/\/www.klarahr.com\/blog\/wp-json\/wp\/v2\/posts\/179\/revisions\/2833"}],"wp:featuredmedia":[{"embeddable":true,"href":"https:\/\/www.klarahr.com\/blog\/wp-json\/wp\/v2\/media\/182"}],"wp:attachment":[{"href":"https:\/\/www.klarahr.com\/blog\/wp-json\/wp\/v2\/media?parent=179"}],"wp:term":[{"taxonomy":"category","embeddable":true,"href":"https:\/\/www.klarahr.com\/blog\/wp-json\/wp\/v2\/categories?post=179"},{"taxonomy":"post_tag","embeddable":true,"href":"https:\/\/www.klarahr.com\/blog\/wp-json\/wp\/v2\/tags?post=179"}],"curies":[{"name":"wp","href":"https:\/\/api.w.org\/{rel}","templated":true}]}}