{"id":233,"date":"2024-10-24T16:46:35","date_gmt":"2024-10-24T16:46:35","guid":{"rendered":"http:\/\/51.159.152.193\/blog\/?p=233"},"modified":"2025-10-01T15:23:34","modified_gmt":"2025-10-01T15:23:34","slug":"klara-levee-de-fonds-2","status":"publish","type":"post","link":"https:\/\/www.klarahr.com\/blog\/klara-levee-de-fonds-2\/","title":{"rendered":"1,2M\u20ac lev\u00e9s pour digitaliser l\u2019exp\u00e9rience collaborateur"},"content":{"rendered":"<p id=\"\">Nous \u00e9quipons les professionnels des Ressources Humaines et de la Formation sur le suivi des collaborateurs dans le cadre de programmes de d\u00e9veloppement des comp\u00e9tences.<\/p>\n<p id=\"\">Lanc\u00e9e en 2020 par Romain Etay et Nazim Chibane, deux ex-Bpifrance, Klara propose une plateforme de valorisation des politiques de d\u00e9veloppement RH.<\/p>\n<p id=\"\">Nous collaborons aujourd\u2019hui avec des groupes tels que Carrefour, Thales ou encore BPCE, et avons ainsi d\u00e9ploy\u00e9 notre solution aupr\u00e8s de plus de 10 000 utilisateurs.<\/p>\n<p id=\"\">\u200d<\/p>\n<h2 id=\"\"><strong id=\"\">Une premi\u00e8re lev\u00e9e r\u00e9ussie !&nbsp;<\/strong>\u200d<\/h2>\n<p id=\"\">Cette lev\u00e9e men\u00e9e par Side Capital a \u00e9t\u00e9 rendue possible notamment gr\u00e2ce \u00e0 la participation de Business Angels issus de l\u2019\u00e9cosyst\u00e8me <em id=\"\">tech<\/em> tel que Thibault R\u00e9my (CEO de MeilleursAgents) ou Arthur Peticoz (cofondateur de Wynd et Majelan).&nbsp;<\/p>\n<p id=\"\"><\/p>\n<p id=\"\">Gr\u00e2ce aux 1,2M\u20ac r\u00e9colt\u00e9s, Klara va pouvoir acc\u00e9l\u00e9rer son d\u00e9veloppement et d\u00e9ployer sa solution dans les entreprises pour engager l&rsquo;ensemble des&nbsp;collaborateurs dans leur parcours de carri\u00e8re !<strong id=\"\">\u200d<\/strong><\/p>\n<p id=\"\"><\/p>\n<h2 id=\"\"><strong id=\"\">Une plateforme flexible pour de multiples usages<\/strong>\u200d<\/h2>\n<p>\u200d<\/p>\n<figure id=\"\" class=\"w-richtext-figure-type-image w-richtext-align-fullwidth\" style=\"max-width:1170px\" data-rt-type=\"image\" data-rt-align=\"fullwidth\" data-rt-max-width=\"1170px\">\n<div id=\"\"><img decoding=\"async\" src=\"http:\/\/51.159.152.193\/blog\/wp-content\/uploads\/2024\/10\/6422bf3b0e587b839851cf21_615ea78ce016bcbfd18d28cf_team_klara_article_blog-1.png\" id=\"\" width=\"auto\" height=\"auto\" loading=\"auto\" alt=\"\"><\/div>\n<\/figure>\n<h5 id=\"\">\u200d<br \/><\/h5>\n<p id=\"\">Nazim Chibane, cofondateur, explique&nbsp;: <\/p>\n<blockquote id=\"\"><p><em id=\"\">\u00ab&nbsp;Klara souhaite outiller des \u00e9quipes \u00e0 la recherche d\u2019un outil flexible pour r\u00e9pondre \u00e0 un besoin croissant de valorisation des politiques de d\u00e9veloppement RH&nbsp;\u00bb.<br \/><\/em><\/p><\/blockquote>\n<p id=\"\">L\u2019outil, d\u00e9di\u00e9 aux \u00e9quipes de Talent Management et de Learning, permet le d\u00e9ploiement d\u2019une strat\u00e9gie efficiente de d\u00e9veloppement des comp\u00e9tences et d\u2019accompagnement des collaborateurs. Klara g\u00e9n\u00e8re ainsi des donn\u00e9es qualifi\u00e9es sur les comp\u00e9tences et l\u2019engagement des collaborateurs, afin d\u2019anticiper plus efficacement les aspirations et besoins en formation des collaborateurs, et de favoriser les mobilit\u00e9s internes.<\/p>\n<p id=\"\">Klara pr\u00e9sente de nombreux cas d\u2019usages, allant des processus de People Review\/comit\u00e9 carri\u00e8re, aux programmes de mentoring, hauts potentiels ou Graduates, en passant par le suivi de certaines actions de formation.&nbsp;<\/p>\n<p id=\"\">Un seul d\u00e9nominateur commun \u00e0 tous&nbsp;: la volont\u00e9 d\u2019engager une d\u00e9marche centr\u00e9e autour du collaborateur, afin de comprendre au mieux ses ambitions et de booster son \u00e9volution.<\/p>\n<p id=\"\">Notre prochain objectif est d\u2019intensifier nos investissements pour 2022 sur la construction d\u2019un socle technologique et compl\u00e9ter sa gamme produit, afin de permettre aux entreprises de faire <em id=\"\">matcher<\/em> talents et besoins internes.&nbsp;<\/p>\n<p id=\"\">\u200d<\/p>\n<p id=\"\">Notre ambition&nbsp;? Devenir la premi\u00e8re <em id=\"\">Talent Management Platform<\/em> europ\u00e9enne.<\/p>\n<p id=\"\">\u200d<\/p>\n","protected":false},"excerpt":{"rendered":"<p>Nous \u00e9quipons les professionnels des Ressources Humaines et de la Formation sur le suivi des collaborateurs dans le cadre de programmes de d\u00e9veloppement des comp\u00e9tences. Lanc\u00e9e en 2020 par Romain Etay et Nazim Chibane, deux ex-Bpifrance, Klara propose une plateforme de valorisation des politiques de d\u00e9veloppement RH. Nous collaborons aujourd\u2019hui avec des groupes tels que [&hellip;]<\/p>\n","protected":false},"author":2,"featured_media":227,"comment_status":"closed","ping_status":"closed","sticky":false,"template":"","format":"standard","meta":{"_et_pb_use_builder":"","_et_pb_old_content":"","_et_gb_content_width":"","footnotes":""},"categories":[34],"tags":[35],"_links":{"self":[{"href":"https:\/\/www.klarahr.com\/blog\/wp-json\/wp\/v2\/posts\/233"}],"collection":[{"href":"https:\/\/www.klarahr.com\/blog\/wp-json\/wp\/v2\/posts"}],"about":[{"href":"https:\/\/www.klarahr.com\/blog\/wp-json\/wp\/v2\/types\/post"}],"author":[{"embeddable":true,"href":"https:\/\/www.klarahr.com\/blog\/wp-json\/wp\/v2\/users\/2"}],"replies":[{"embeddable":true,"href":"https:\/\/www.klarahr.com\/blog\/wp-json\/wp\/v2\/comments?post=233"}],"version-history":[{"count":2,"href":"https:\/\/www.klarahr.com\/blog\/wp-json\/wp\/v2\/posts\/233\/revisions"}],"predecessor-version":[{"id":2826,"href":"https:\/\/www.klarahr.com\/blog\/wp-json\/wp\/v2\/posts\/233\/revisions\/2826"}],"wp:featuredmedia":[{"embeddable":true,"href":"https:\/\/www.klarahr.com\/blog\/wp-json\/wp\/v2\/media\/227"}],"wp:attachment":[{"href":"https:\/\/www.klarahr.com\/blog\/wp-json\/wp\/v2\/media?parent=233"}],"wp:term":[{"taxonomy":"category","embeddable":true,"href":"https:\/\/www.klarahr.com\/blog\/wp-json\/wp\/v2\/categories?post=233"},{"taxonomy":"post_tag","embeddable":true,"href":"https:\/\/www.klarahr.com\/blog\/wp-json\/wp\/v2\/tags?post=233"}],"curies":[{"name":"wp","href":"https:\/\/api.w.org\/{rel}","templated":true}]}}