{"id":239,"date":"2024-10-24T16:46:38","date_gmt":"2024-10-24T16:46:38","guid":{"rendered":"http:\/\/51.159.152.193\/blog\/?p=239"},"modified":"2025-10-01T15:22:51","modified_gmt":"2025-10-01T15:22:51","slug":"klara-sous-toutes-ses-coutures","status":"publish","type":"post","link":"https:\/\/www.klarahr.com\/blog\/klara-sous-toutes-ses-coutures\/","title":{"rendered":"Klara sous toutes ses coutures"},"content":{"rendered":"<h2 id=\"\">Une utilisation optimis\u00e9e gr\u00e2ce \u00e0 des \u00e9volutions remarquables<\/h2>\n<p id=\"\">Il y a quelques semaines nous vous faisions part d\u2019une nouvelle incroyable&nbsp;: nous changions de nom pour devenir Klara. Mais un changement n\u2019arrivant jamais seul, la plateforme \u00e9volue \u00e9galement et propose aujourd\u2019hui une interface totalement repens\u00e9e pour une utilisation fluide et pratique.<\/p>\n<p id=\"\">Les couleurs de Klara flambant neuves viennent s\u2019introduire dans la nouvelle plateforme.<\/p>\n<p id=\"\">Des formulaires repens\u00e9s enti\u00e8rement pour une fluidit\u00e9 d\u2019utilisation et une ergonomie de plateforme revisit\u00e9e sont les points d\u2019am\u00e9lioration cl\u00e9s de la plateforme Klara.<\/p>\n<p id=\"\">Les rapports envoy\u00e9s aux collaborateurs ont \u00e9t\u00e9 totalement redessin\u00e9s, permettant une insertion de pi\u00e8ces jointes, incluant une barre de progression ainsi que la sauvegarde automatique lors du remplissage des r\u00e9ponses.<\/p>\n<p id=\"\">L\u2019am\u00e9lioration des performances \u00ab&nbsp;analytics&nbsp;\u00bbvous offrira une toute nouvelle vision toujours plus simple, plus qualifi\u00e9e et plus ergonomique de vos donn\u00e9es. Un outil d\u2019analyse adapt\u00e9 aux collaborateurs et \u00e0 leurs managers souhaitant suivre leur progression dans l\u2019entreprise.<\/p>\n<figure id=\"\" class=\"w-richtext-figure-type-image w-richtext-align-center\" data-rt-type=\"image\" data-rt-align=\"center\">\n<div id=\"\"><img decoding=\"async\" src=\"http:\/\/51.159.152.193\/blog\/wp-content\/uploads\/2024\/10\/6422bf3b2b68e338319dd402_6194c057b27aecbc9a18aa00_Rapport.png\" id=\"\" width=\"auto\" height=\"auto\" loading=\"auto\" alt=\"\"><\/div><figcaption id=\"\">Exemple d&rsquo;un nouveau rapport sur la plateforme Klara<\/figcaption><\/figure>\n<figure id=\"\" class=\"w-richtext-figure-type-image w-richtext-align-center\" data-rt-type=\"image\" data-rt-align=\"center\">\n<div id=\"\"><img decoding=\"async\" src=\"http:\/\/51.159.152.193\/blog\/wp-content\/uploads\/2024\/10\/6422bf3b2b68e3d95d9dd401_6194c07a9b3ce423adbb9157_Rapport202.png\" id=\"\" width=\"auto\" height=\"auto\" loading=\"auto\" alt=\"\"><\/div><figcaption id=\"\">Exemple d&rsquo;un nouveau rapport sur la plateforme Klara<\/figcaption><\/figure>\n<p id=\"\">Et ce n\u2019est pas fini ! Vous pourrez d\u00e9sormais utiliser notre toute derni\u00e8re fonctionnalit\u00e9 : le SSO.<\/p>\n<p id=\"\">Nous incorporons d\u00e9sormais un SSO au logiciel. Cette m\u00e9thode vous permet d&rsquo;acc\u00e9der \u00e0 plusieurs applications informatiques en ne proc\u00e9dant qu&rsquo;\u00e0 une seule authentification. Klara le permet aujourd\u2019hui et le mobilise avec l\u2019aide SAML2.0. L\u2019authentification unique permet de se connecter avec un seul jeu d\u2019identifiants et d\u2019assurer une s\u00e9curit\u00e9 \u00e0 ses utilisateurs.<\/p>\n<p id=\"\">Nous esp\u00e9rons que ces changements vont vous permettre de continuer d\u2019optimiser vos processus et de gagner du temps sur vos t\u00e2ches RH. Car la raison d\u2019\u00eatre de Klara est de valoriser le travail de vos \u00e9quipes avant tout.<\/p>\n<p id=\"\">\u200d<\/p>\n","protected":false},"excerpt":{"rendered":"<p>Une utilisation optimis\u00e9e gr\u00e2ce \u00e0 des \u00e9volutions remarquables Il y a quelques semaines nous vous faisions part d\u2019une nouvelle incroyable&nbsp;: nous changions de nom pour devenir Klara. Mais un changement n\u2019arrivant jamais seul, la plateforme \u00e9volue \u00e9galement et propose aujourd\u2019hui une interface totalement repens\u00e9e pour une utilisation fluide et pratique. Les couleurs de Klara flambant [&hellip;]<\/p>\n","protected":false},"author":2,"featured_media":241,"comment_status":"closed","ping_status":"closed","sticky":false,"template":"","format":"standard","meta":{"_et_pb_use_builder":"","_et_pb_old_content":"","_et_gb_content_width":"","footnotes":""},"categories":[34],"tags":[35],"_links":{"self":[{"href":"https:\/\/www.klarahr.com\/blog\/wp-json\/wp\/v2\/posts\/239"}],"collection":[{"href":"https:\/\/www.klarahr.com\/blog\/wp-json\/wp\/v2\/posts"}],"about":[{"href":"https:\/\/www.klarahr.com\/blog\/wp-json\/wp\/v2\/types\/post"}],"author":[{"embeddable":true,"href":"https:\/\/www.klarahr.com\/blog\/wp-json\/wp\/v2\/users\/2"}],"replies":[{"embeddable":true,"href":"https:\/\/www.klarahr.com\/blog\/wp-json\/wp\/v2\/comments?post=239"}],"version-history":[{"count":2,"href":"https:\/\/www.klarahr.com\/blog\/wp-json\/wp\/v2\/posts\/239\/revisions"}],"predecessor-version":[{"id":2824,"href":"https:\/\/www.klarahr.com\/blog\/wp-json\/wp\/v2\/posts\/239\/revisions\/2824"}],"wp:featuredmedia":[{"embeddable":true,"href":"https:\/\/www.klarahr.com\/blog\/wp-json\/wp\/v2\/media\/241"}],"wp:attachment":[{"href":"https:\/\/www.klarahr.com\/blog\/wp-json\/wp\/v2\/media?parent=239"}],"wp:term":[{"taxonomy":"category","embeddable":true,"href":"https:\/\/www.klarahr.com\/blog\/wp-json\/wp\/v2\/categories?post=239"},{"taxonomy":"post_tag","embeddable":true,"href":"https:\/\/www.klarahr.com\/blog\/wp-json\/wp\/v2\/tags?post=239"}],"curies":[{"name":"wp","href":"https:\/\/api.w.org\/{rel}","templated":true}]}}