{"id":2613,"date":"2025-12-02T08:00:00","date_gmt":"2025-12-02T08:00:00","guid":{"rendered":"https:\/\/www.klarahr.com\/blog\/?p=2613"},"modified":"2025-10-24T13:26:31","modified_gmt":"2025-10-24T13:26:31","slug":"rendre-visible-linvisible-mesurer-les-soft-skills-enfin-possible","status":"publish","type":"post","link":"https:\/\/www.klarahr.com\/blog\/rendre-visible-linvisible-mesurer-les-soft-skills-enfin-possible\/","title":{"rendered":"Rendre visible l\u2019invisible : mesurer les soft skills, enfin possible ?"},"content":{"rendered":"\n[et_pb_section fb_built=\u00a0\u00bb1&Prime; theme_builder_area=\u00a0\u00bbpost_content\u00a0\u00bb _builder_version=\u00a0\u00bb4.27.4&Prime; _module_preset=\u00a0\u00bbdefault\u00a0\u00bb][et_pb_row _builder_version=\u00a0\u00bb4.27.4&Prime; _module_preset=\u00a0\u00bbdefault\u00a0\u00bb theme_builder_area=\u00a0\u00bbpost_content\u00a0\u00bb][et_pb_column _builder_version=\u00a0\u00bb4.27.4&Prime; _module_preset=\u00a0\u00bbdefault\u00a0\u00bb type=\u00a0\u00bb4_4&Prime; theme_builder_area=\u00a0\u00bbpost_content\u00a0\u00bb][et_pb_text _builder_version=\u00a0\u00bb4.27.4&Prime; _module_preset=\u00a0\u00bbdefault\u00a0\u00bb theme_builder_area=\u00a0\u00bbpost_content\u00a0\u00bb hover_enabled=\u00a0\u00bb0&Prime; sticky_enabled=\u00a0\u00bb0&Prime;]<p><span style=\"font-weight: 400;\">Le travail en \u00e9quipe, la gestion du stress, la capacit\u00e9 d\u2019adaptation ou encore l\u2019\u00e9coute active s\u2019imposent d\u00e9sormais comme des comp\u00e9tences cl\u00e9s dans le monde professionnel. Selon une \u00e9tude men\u00e9e par HR Maps, 67 % des responsables RH acceptent des comp\u00e9tences techniques moins d\u00e9velopp\u00e9es pour les postes \u00e0 pourvoir en faveur des soft skills. 95 % des recruteurs se basent cependant sur l\u2019entretien physique pour \u00e9valuer les comp\u00e9tences transversales, ce qui peut conduire \u00e0 une analyse biais\u00e9e.<\/span><\/p>\n<p><span style=\"font-weight: 400;\">L\u2019intelligence artificielle et ses applications facilitent de plus en plus l\u2019\u00e9valuation des soft skills, prenant le pari de rendre visible l\u2019invisible. On d\u00e9crypte pour vous les nouvelles approches de mesure des comp\u00e9tences transversales gr\u00e2ce aux outils digitaux.<\/span><\/p>[\/et_pb_text][et_pb_heading title=\u00a0\u00bbPourquoi \u00e9valuer les soft skills est-il devenu un enjeu cl\u00e9 pour les entreprises ?\u00a0\u00bb _builder_version=\u00a0\u00bb4.27.4&Prime; _module_preset=\u00a0\u00bbdefault\u00a0\u00bb theme_builder_area=\u00a0\u00bbpost_content\u00a0\u00bb title_level=\u00a0\u00bbh2&Prime; custom_margin=\u00a0\u00bb50px||||false|false\u00a0\u00bb hover_enabled=\u00a0\u00bb0&Prime; sticky_enabled=\u00a0\u00bb0&Prime;][\/et_pb_heading][et_pb_text _builder_version=\u00a0\u00bb4.27.4&Prime; _module_preset=\u00a0\u00bbdefault\u00a0\u00bb theme_builder_area=\u00a0\u00bbpost_content\u00a0\u00bb hover_enabled=\u00a0\u00bb0&Prime; sticky_enabled=\u00a0\u00bb0&Prime;]<p><span style=\"font-weight: 400;\">La mauvaise \u00e9valuation des comp\u00e9tences comportementales au moment de la <\/span><b>prise de d\u00e9cision d&#8217;embauche<\/b><span style=\"font-weight: 400;\"> fragilise la collaboration. Saviez-vous que 89 % des d\u00e9parts d\u2019un talent en moins d&rsquo;un an apr\u00e8s avoir rejoint son environnement de travail sont li\u00e9s \u00e0 cette mauvaise appr\u00e9ciation ? Mark Murphy parvient \u00e0 cette conclusion apr\u00e8s une \u00e9tude sur <\/span><b>20\u2009000 nouvelles embauches<\/b><span style=\"font-weight: 400;\">. En effet, le manque de leadership ou encore l\u2019intelligence \u00e9motionnelle d\u00e9ficiente nuisent \u00e0 la capacit\u00e9 \u00e0 travailler en \u00e9quipe.<\/span><\/p>[\/et_pb_text][et_pb_heading title=\u00a0\u00bbDes comp\u00e9tences essentielles, mais longtemps n\u00e9glig\u00e9es\u00a0\u00bb _builder_version=\u00a0\u00bb4.27.4&Prime; _module_preset=\u00a0\u00bbdefault\u00a0\u00bb theme_builder_area=\u00a0\u00bbpost_content\u00a0\u00bb title_level=\u00a0\u00bbh3&Prime; custom_margin=\u00a0\u00bb50px||||false|false\u00a0\u00bb hover_enabled=\u00a0\u00bb0&Prime; sticky_enabled=\u00a0\u00bb0&Prime;][\/et_pb_heading][et_pb_text _builder_version=\u00a0\u00bb4.27.4&Prime; _module_preset=\u00a0\u00bbdefault\u00a0\u00bb theme_builder_area=\u00a0\u00bbpost_content\u00a0\u00bb hover_enabled=\u00a0\u00bb0&Prime; sticky_enabled=\u00a0\u00bb0&Prime;]<p><span style=\"font-weight: 400;\">Les<\/span><a href=\"https:\/\/www.klarahr.com\/blog\/soft-skills-definition-exemples-et-importance\/\"> <span style=\"font-weight: 400;\">soft skills<\/span><\/a><span style=\"font-weight: 400;\"> constituent des aptitudes relationnelles et comportementales, inn\u00e9es ou acquises au fil du temps par des exp\u00e9riences ou des activit\u00e9s extra-scolaires. La compr\u00e9hension des aspects qu\u2019elles couvrent r\u00e9ellement est longtemps rest\u00e9e floue et ne progresse que faiblement.<\/span><\/p>\n<p><span style=\"font-weight: 400;\">Seuls 46 % des r\u00e9pondants au barom\u00e8tre des soft skills 2024 de Lefebvre Dalloz les consid\u00e8rent comme des \u00e9l\u00e9ments strat\u00e9giques pour leur entreprise. Les comp\u00e9tences transversales fournissent pourtant des informations pr\u00e9cieuses sur la personnalit\u00e9 et l\u2019adaptabilit\u00e9 du candidat lors du processus de recrutement.<\/span><\/p>\n<p><span style=\"font-weight: 400;\">La raison de cette n\u00e9gligence ? \u00c9valuer les comp\u00e9tences techniques telles que <\/span><b>la capacit\u00e9 de ma\u00eetriser un logiciel <\/b><span style=\"font-weight: 400;\">est plus simple que d\u2019analyser l&rsquo;esprit critique. La mesure des soft skills implique des outils et des <\/span><b>tests d&rsquo;\u00e9valuation adapt\u00e9s<\/b><span style=\"font-weight: 400;\">.<\/span><\/p>[\/et_pb_text][et_pb_heading title=\u00a0\u00bbImpact direct sur la performance, l\u2019adaptabilit\u00e9 et la collaboration\u00a0\u00bb _builder_version=\u00a0\u00bb4.27.4&Prime; _module_preset=\u00a0\u00bbdefault\u00a0\u00bb theme_builder_area=\u00a0\u00bbpost_content\u00a0\u00bb title_level=\u00a0\u00bbh3&Prime; custom_margin=\u00a0\u00bb50px||||false|false\u00a0\u00bb hover_enabled=\u00a0\u00bb0&Prime; sticky_enabled=\u00a0\u00bb0&Prime;][\/et_pb_heading][et_pb_text _builder_version=\u00a0\u00bb4.27.4&Prime; _module_preset=\u00a0\u00bbdefault\u00a0\u00bb theme_builder_area=\u00a0\u00bbpost_content\u00a0\u00bb hover_enabled=\u00a0\u00bb0&Prime; sticky_enabled=\u00a0\u00bb0&Prime;]<p><span style=\"font-weight: 400;\">Le LinkedIn Workplace Learning Report 2023 offre une vue d\u2019ensemble sur l\u2019importance des soft skills dans le monde du travail. 92 % des recruteurs les consid\u00e8rent m\u00eame comme <\/span><b>\u00e9quivalentes aux hard skills<\/b><span style=\"font-weight: 400;\"> (comp\u00e9tences techniques) en termes d\u2019impact.<\/span><\/p>\n<p><span style=\"font-weight: 400;\">Un candidat avec d\u2019excellentes aptitudes en r\u00e9solution de probl\u00e8mes, communication, intelligence \u00e9motionnelle, pens\u00e9e critique ou gestion du temps s\u2019int\u00e8gre mieux \u00e0 votre \u00e9quipe. Il s\u2019av\u00e8re plus productif et monte plus vite en comp\u00e9tences via la<\/span><a href=\"https:\/\/www.klarahr.com\/blog\/formation-continue-cles-pour-votre-evolution-professionnelle\/\"> <span style=\"font-weight: 400;\">formation continue<\/span><\/a><span style=\"font-weight: 400;\">, ce qui a un impact positif sur l\u2019entreprise.<\/span><\/p>\n<p><span style=\"font-weight: 400;\">Les soft skills facilitent la relation de service avec des consommateurs de plus en plus exigeants dans une \u00e9conomie qui se tertiarise. Elles sont moins concern\u00e9es par l\u2019obsolescence que les comp\u00e9tences techniques. Selon une \u00e9tude de McKinsey, les entreprises qui se focalisent sur le d\u00e9veloppement des collaborateurs enregistrent<\/span><b> une augmentation de 28 % de leur rentabilit\u00e9<\/b><span style=\"font-weight: 400;\">.<\/span><\/p>[\/et_pb_text][et_pb_heading title=\u00a0\u00bbLe besoin d\u2019objectiver des dimensions jusqu\u2019ici floues\u00a0\u00bb _builder_version=\u00a0\u00bb4.27.4&Prime; _module_preset=\u00a0\u00bbdefault\u00a0\u00bb theme_builder_area=\u00a0\u00bbpost_content\u00a0\u00bb title_level=\u00a0\u00bbh3&Prime; custom_margin=\u00a0\u00bb50px||||false|false\u00a0\u00bb hover_enabled=\u00a0\u00bb0&Prime; sticky_enabled=\u00a0\u00bb0&Prime;][\/et_pb_heading][et_pb_text _builder_version=\u00a0\u00bb4.27.4&Prime; _module_preset=\u00a0\u00bbdefault\u00a0\u00bb theme_builder_area=\u00a0\u00bbpost_content\u00a0\u00bb hover_enabled=\u00a0\u00bb0&Prime; sticky_enabled=\u00a0\u00bb0&Prime;]<p><span style=\"font-weight: 400;\">\u00c0 l\u2019heure o\u00f9 l\u2019agilit\u00e9 et l\u2019adaptabilit\u00e9 sont au c\u0153ur des enjeux professionnels, les comp\u00e9tences humaines comme la communication, la gestion du stress ou la collaboration prennent une grande importance. En d\u00e9pit des travaux scientifiques sur ces comp\u00e9tences, les soft skills pr\u00e9sentent toujours <\/span><b>une faiblesse conceptuelle<\/b><span style=\"font-weight: 400;\">. Ce flou devient probl\u00e9matique quand nous souhaitons les utiliser comme support dans le cadre d\u2019un processus de recrutement.<\/span><\/p>\n<p><span style=\"font-weight: 400;\">Les savoir-\u00eatre peuvent \u00eatre appr\u00e9hend\u00e9s sous plusieurs angles. Leur mesure permet d\u2019objectiver ces comp\u00e9tences afin d&rsquo;am\u00e9liorer le recrutement et les parcours professionnels de vos collaborateurs.<\/span><\/p>[\/et_pb_text][et_pb_divider _builder_version=\u00a0\u00bb4.27.4&Prime; _module_preset=\u00a0\u00bbdefault\u00a0\u00bb theme_builder_area=\u00a0\u00bbpost_content\u00a0\u00bb divider_weight=\u00a0\u00bb3px\u00a0\u00bb color=\u00a0\u00bb#F79699&Prime; hover_enabled=\u00a0\u00bb0&Prime; sticky_enabled=\u00a0\u00bb0&Prime;][\/et_pb_divider][\/et_pb_column][\/et_pb_row][et_pb_row _builder_version=\u00a0\u00bb4.27.4&Prime; _module_preset=\u00a0\u00bbdefault\u00a0\u00bb theme_builder_area=\u00a0\u00bbpost_content\u00a0\u00bb][et_pb_column _builder_version=\u00a0\u00bb4.27.4&Prime; _module_preset=\u00a0\u00bbdefault\u00a0\u00bb type=\u00a0\u00bb4_4&Prime; theme_builder_area=\u00a0\u00bbpost_content\u00a0\u00bb][et_pb_heading title=\u00a0\u00bbQuelles approches permettent d\u2019\u00e9valuer les soft skills aujourd\u2019hui ?\u00a0\u00bb _builder_version=\u00a0\u00bb4.27.4&Prime; _module_preset=\u00a0\u00bbdefault\u00a0\u00bb theme_builder_area=\u00a0\u00bbpost_content\u00a0\u00bb title_level=\u00a0\u00bbh2&Prime; custom_margin=\u00a0\u00bb50px||||false|false\u00a0\u00bb hover_enabled=\u00a0\u00bb0&Prime; sticky_enabled=\u00a0\u00bb0&Prime;][\/et_pb_heading][et_pb_text _builder_version=\u00a0\u00bb4.27.4&Prime; _module_preset=\u00a0\u00bbdefault\u00a0\u00bb theme_builder_area=\u00a0\u00bbpost_content\u00a0\u00bb hover_enabled=\u00a0\u00bb0&Prime; sticky_enabled=\u00a0\u00bb0&Prime;]<p><span style=\"font-weight: 400;\">Les comp\u00e9tences transversales restent complexes \u00e0 identifier et \u00e0 mesurer, car elles sont souvent li\u00e9es \u00e0 des traits de personnalit\u00e9 qui ne se r\u00e9v\u00e8lent qu\u2019en situation concr\u00e8te, notamment lors des entretiens. Pourtant, de nouvelles m\u00e9thodes et outils \u00e9mergent pour analyser ces soft skills de mani\u00e8re plus fiable et objectiver leur \u00e9valuation chez chaque candidat.<\/span><\/p>[\/et_pb_text][et_pb_heading title=\u00a0\u00bb\u00c9valuation \u00e0 360\u00b0, feedbacks crois\u00e9s, auto-positionnements\u00a0\u00bb _builder_version=\u00a0\u00bb4.27.4&Prime; _module_preset=\u00a0\u00bbdefault\u00a0\u00bb theme_builder_area=\u00a0\u00bbpost_content\u00a0\u00bb title_level=\u00a0\u00bbh3&Prime; custom_margin=\u00a0\u00bb50px||||false|false\u00a0\u00bb hover_enabled=\u00a0\u00bb0&Prime; sticky_enabled=\u00a0\u00bb0&Prime;][\/et_pb_heading][et_pb_text _builder_version=\u00a0\u00bb4.27.4&Prime; _module_preset=\u00a0\u00bbdefault\u00a0\u00bb theme_builder_area=\u00a0\u00bbpost_content\u00a0\u00bb hover_enabled=\u00a0\u00bb0&Prime; sticky_enabled=\u00a0\u00bb0&Prime;]<p><span style=\"font-weight: 400;\">Les ressources personnelles s\u2019\u00e9valuent et se mesurent avec des outils psychom\u00e9triques, questionnaires ou tests. Les <\/span><b>outils idiosyncrasiques<\/b><span style=\"font-weight: 400;\"> permettent de d\u00e9tecter les modes de fonctionnement individuels sp\u00e9cifiques \u00e0 chaque candidat. Les <\/span><b>outils nomoth\u00e9tiques <\/b><span style=\"font-weight: 400;\">servent, quant \u00e0 eux, \u00e0 classer les soft skills des candidats les uns par rapport aux autres. Ces r\u00e9sultats restent la plupart du temps d\u00e9claratifs.<\/span><\/p>\n<p><span style=\"font-weight: 400;\">Pour une \u00e9valuation efficace, int\u00e9grez-les dans un processus plus large, qui combine plusieurs approches :<\/span><\/p>\n<ul>\n<li style=\"font-weight: 400;\" aria-level=\"1\"><span style=\"font-weight: 400;\">Entretiens et mises en situation ;<\/span><\/li>\n<li style=\"font-weight: 400;\" aria-level=\"1\"><b>Feedback collaboratif \u00e0 360\u00b0<\/b><span style=\"font-weight: 400;\"> avec l\u2019aide des managers, \u00e9quipes et clients internes ;<\/span><\/li>\n<li style=\"font-weight: 400;\" aria-level=\"1\"><span style=\"font-weight: 400;\">Observation directe des comportements en situation de travail en \u00e9quipe.<\/span><\/li>\n<\/ul>\n<p><span style=\"font-weight: 400;\">La mani\u00e8re dont ces comp\u00e9tences transversales sont mises en \u0153uvre au quotidien importe plus que les r\u00e9sultats cat\u00e9goris\u00e9s ou chiffr\u00e9s. Le candidat retenu pourra ensuite<\/span><a href=\"https:\/\/www.klarahr.com\/fr\/projets\/soft-skills.html\"> <span style=\"font-weight: 400;\">d\u00e9velopper ses comp\u00e9tences<\/span><\/a><span style=\"font-weight: 400;\"> en continu dans un environnement coop\u00e9ratif et dynamique.<\/span><\/p>[\/et_pb_text][et_pb_heading title=\u00a0\u00bbApports des outils digitaux dans la structuration et l\u2019analyse des r\u00e9sultats\u00a0\u00bb _builder_version=\u00a0\u00bb4.27.4&Prime; _module_preset=\u00a0\u00bbdefault\u00a0\u00bb theme_builder_area=\u00a0\u00bbpost_content\u00a0\u00bb title_level=\u00a0\u00bbh3&Prime; custom_margin=\u00a0\u00bb50px||||false|false\u00a0\u00bb hover_enabled=\u00a0\u00bb0&Prime; sticky_enabled=\u00a0\u00bb0&Prime;][\/et_pb_heading][et_pb_text _builder_version=\u00a0\u00bb4.27.4&Prime; _module_preset=\u00a0\u00bbdefault\u00a0\u00bb theme_builder_area=\u00a0\u00bbpost_content\u00a0\u00bb hover_enabled=\u00a0\u00bb0&Prime; sticky_enabled=\u00a0\u00bb0&Prime;]<p><span style=\"font-weight: 400;\">Seuls 19 % des entreprises utilisent ou envisagent d\u2019utiliser des outils d&rsquo;\u00e9valuation des comp\u00e9tences transversales d&rsquo;apr\u00e8s le Barom\u00e8tre des soft skills 2024 de Lefebvre Dalloz. 75 % des autres organisations confient cette analyse aux managers, form\u00e9s sur le sujet ou non. Les outils digitaux offrent pourtant une <\/span><b>approche bien structur\u00e9e et m\u00e9thodique<\/b><span style=\"font-weight: 400;\">, tout en valorisant les r\u00e9ponses verbales et non verbales.<\/span><\/p>\n<p><span style=\"font-weight: 400;\">Elles garantissent une approche pr\u00e9cise, immersive et objective gr\u00e2ce \u00e0 la puissance de l\u2019intelligence artificielle. Les centres d\u2019\u00e9valuation (Assessment Center) permettent d\u2019analyser les signaux faibles comme :<\/span><\/p>\n<ul>\n<li style=\"font-weight: 400;\" aria-level=\"1\"><span style=\"font-weight: 400;\">Les expressions faciales ;<\/span><\/li>\n<li style=\"font-weight: 400;\" aria-level=\"1\"><span style=\"font-weight: 400;\">L\u2019intonation de la voix ;<\/span><\/li>\n<li style=\"font-weight: 400;\" aria-level=\"1\"><span style=\"font-weight: 400;\">Les choix lexicaux.<\/span><\/li>\n<\/ul>\n<p><span style=\"font-weight: 400;\">Avec le bon<\/span><a href=\"https:\/\/www.klarahr.com\/fr\/suivi-competences.html\"> <span style=\"font-weight: 400;\">outil de suivi des comp\u00e9tences<\/span><\/a><span style=\"font-weight: 400;\">, vous pouvez ensuite visualiser les donn\u00e9es et <\/span><b>dresser un portrait des candidats<\/b><span style=\"font-weight: 400;\"> sans les biais humains. Cette plateforme en ligne facilite la collecte des r\u00e9ponses anonymes, les invitations \u00e0 \u00e9valuer et la compilation structur\u00e9e des r\u00e9sultats.<\/span><\/p>[\/et_pb_text][et_pb_heading title=\u00a0\u00bbLimites et conditions de r\u00e9ussite de ces dispositifs\u00a0\u00bb _builder_version=\u00a0\u00bb4.27.4&Prime; _module_preset=\u00a0\u00bbdefault\u00a0\u00bb theme_builder_area=\u00a0\u00bbpost_content\u00a0\u00bb title_level=\u00a0\u00bbh3&Prime; custom_margin=\u00a0\u00bb50px||||false|false\u00a0\u00bb hover_enabled=\u00a0\u00bb0&Prime; sticky_enabled=\u00a0\u00bb0&Prime;][\/et_pb_heading][et_pb_text _builder_version=\u00a0\u00bb4.27.4&Prime; _module_preset=\u00a0\u00bbdefault\u00a0\u00bb theme_builder_area=\u00a0\u00bbpost_content\u00a0\u00bb hover_enabled=\u00a0\u00bb0&Prime; sticky_enabled=\u00a0\u00bb0&Prime;]<p><span style=\"font-weight: 400;\">Les ressources individuelles d\u00e9signent les aptitudes comportementales qu\u2019un individu peut mobiliser selon les situations. La pr\u00e9diction des comportements d\u2019un candidat dans un contexte ou une situation de travail reste limit\u00e9e, quelle que soit la qualit\u00e9 de votre outil d\u2019\u00e9valuation.<\/span><\/p>\n<p><span style=\"font-weight: 400;\">Une technologie mal calibr\u00e9e peut perp\u00e9tuer les st\u00e9r\u00e9otypes au lieu de les corriger. Les outils digitaux se focalisent aussi sur les micro-comportements. Ils ne les remplacent pas toujours dans le contexte global de l\u2019entreprise.<\/span><\/p>\n<p><span style=\"font-weight: 400;\">Nous vous recommandons la mise en \u0153uvre de <\/span><b>grilles d&rsquo;\u00e9valuation<\/b><span style=\"font-weight: 400;\"> lors des entretiens. Vous pourrez ainsi comparer les candidats gr\u00e2ce \u00e0 des param\u00e8tres pr\u00e9d\u00e9finis.<\/span><\/p>[\/et_pb_text][et_pb_divider _builder_version=\u00a0\u00bb4.27.4&Prime; _module_preset=\u00a0\u00bbdefault\u00a0\u00bb theme_builder_area=\u00a0\u00bbpost_content\u00a0\u00bb divider_weight=\u00a0\u00bb3px\u00a0\u00bb color=\u00a0\u00bb#F79699&Prime; hover_enabled=\u00a0\u00bb0&Prime; sticky_enabled=\u00a0\u00bb0&Prime;][\/et_pb_divider][\/et_pb_column][\/et_pb_row][et_pb_row _builder_version=\u00a0\u00bb4.27.4&Prime; _module_preset=\u00a0\u00bbdefault\u00a0\u00bb theme_builder_area=\u00a0\u00bbpost_content\u00a0\u00bb][et_pb_column _builder_version=\u00a0\u00bb4.27.4&Prime; _module_preset=\u00a0\u00bbdefault\u00a0\u00bb type=\u00a0\u00bb4_4&Prime; theme_builder_area=\u00a0\u00bbpost_content\u00a0\u00bb][et_pb_heading title=\u00a0\u00bbInt\u00e9grer l\u2019\u00e9valuation des soft skills dans une strat\u00e9gie de d\u00e9veloppement\u00a0\u00bb _builder_version=\u00a0\u00bb4.27.4&Prime; _module_preset=\u00a0\u00bbdefault\u00a0\u00bb theme_builder_area=\u00a0\u00bbpost_content\u00a0\u00bb title_level=\u00a0\u00bbh2&Prime; custom_margin=\u00a0\u00bb50px||||false|false\u00a0\u00bb hover_enabled=\u00a0\u00bb0&Prime; sticky_enabled=\u00a0\u00bb0&Prime;][\/et_pb_heading][et_pb_text _builder_version=\u00a0\u00bb4.27.4&Prime; _module_preset=\u00a0\u00bbdefault\u00a0\u00bb theme_builder_area=\u00a0\u00bbpost_content\u00a0\u00bb hover_enabled=\u00a0\u00bb0&Prime; sticky_enabled=\u00a0\u00bb0&Prime;]<p><span style=\"font-weight: 400;\">Pour faire de l\u2019\u00e9valuation des soft skills un <\/span><b>levier de d\u00e9veloppement de votre entreprise<\/b><span style=\"font-weight: 400;\">, vous devez identifier les aptitudes pertinentes et les \u00e9valuer fr\u00e9quemment. Votre strat\u00e9gie doit aussi inclure le d\u00e9veloppement de ces comp\u00e9tences gr\u00e2ce \u00e0 la formation et l\u2019utilisation d&rsquo;outils adapt\u00e9s.<\/span><\/p>[\/et_pb_text][et_pb_heading title=\u00a0\u00bbUtiliser les r\u00e9sultats pour personnaliser les parcours de mont\u00e9e en comp\u00e9tences\u00a0\u00bb _builder_version=\u00a0\u00bb4.27.4&Prime; _module_preset=\u00a0\u00bbdefault\u00a0\u00bb theme_builder_area=\u00a0\u00bbpost_content\u00a0\u00bb title_level=\u00a0\u00bbh3&Prime; custom_margin=\u00a0\u00bb50px||||false|false\u00a0\u00bb hover_enabled=\u00a0\u00bb0&Prime; sticky_enabled=\u00a0\u00bb0&Prime;][\/et_pb_heading][et_pb_text _builder_version=\u00a0\u00bb4.27.4&Prime; _module_preset=\u00a0\u00bbdefault\u00a0\u00bb theme_builder_area=\u00a0\u00bbpost_content\u00a0\u00bb hover_enabled=\u00a0\u00bb0&Prime; sticky_enabled=\u00a0\u00bb0&Prime;]<p><span style=\"font-weight: 400;\">L&rsquo;\u00e9valuation des soft skills facilite l\u2019\u00e9tat des lieux des comp\u00e9tences douces de chaque talent. Sur la base de ces r\u00e9sultats, vous pouvez<\/span><a href=\"https:\/\/www.klarahr.com\/blog\/evaluer-une-formation-professionnelle-les-strategies\/\"> <span style=\"font-weight: 400;\">\u00e9valuer une formation<\/span><\/a><span style=\"font-weight: 400;\"> et d\u00e9finir des objectifs de d\u00e9veloppement propres \u00e0 chaque individu. Ils fluidifient l<\/span><b>\u2019ajustement des parcours de formations<\/b><span style=\"font-weight: 400;\"> et le choix des outils d&rsquo;apprentissage adapt\u00e9s.<\/span><\/p>\n<p><span style=\"font-weight: 400;\">L&rsquo;analyse continue des comp\u00e9tences transversales permet de d\u00e9tecter les talents capables de servir de r\u00e9f\u00e9rents ou de mentors pour les autres collaborateurs. Vous cr\u00e9ez ainsi un cercle vertueux de d\u00e9veloppement.<\/span><\/p>[\/et_pb_text][et_pb_heading title=\u00a0\u00bbSensibiliser managers et collaborateurs \u00e0 l\u2019importance de ces comp\u00e9tences transversales\u00a0\u00bb _builder_version=\u00a0\u00bb4.27.4&Prime; _module_preset=\u00a0\u00bbdefault\u00a0\u00bb theme_builder_area=\u00a0\u00bbpost_content\u00a0\u00bb title_level=\u00a0\u00bbh3&Prime; custom_margin=\u00a0\u00bb50px||||false|false\u00a0\u00bb hover_enabled=\u00a0\u00bb0&Prime; sticky_enabled=\u00a0\u00bb0&Prime;][\/et_pb_heading][et_pb_text _builder_version=\u00a0\u00bb4.27.4&Prime; _module_preset=\u00a0\u00bbdefault\u00a0\u00bb theme_builder_area=\u00a0\u00bbpost_content\u00a0\u00bb hover_enabled=\u00a0\u00bb0&Prime; sticky_enabled=\u00a0\u00bb0&Prime;]<p><span style=\"font-weight: 400;\">Il est essentiel de d\u00e9finir avec pr\u00e9cision les comportements et les valeurs attendus en mati\u00e8re de soft skills. Les managers interm\u00e9diaires ont un r\u00f4le cl\u00e9 \u00e0 jouer pour les int\u00e9grer efficacement aux processus de recrutement, d\u2019\u00e9valuation et \u00e0 la communication interne.<\/span><\/p>\n<p><span style=\"font-weight: 400;\">Sensibilisez vos managers par le biais :<\/span><\/p>\n<ul>\n<li style=\"font-weight: 400;\" aria-level=\"1\"><span style=\"font-weight: 400;\">Des formations sur la gestion des conflits, le partage de connaissance, l&rsquo;\u00e9coute active ou encore le leadership collaboratif ;<\/span><\/li>\n<li style=\"font-weight: 400;\" aria-level=\"1\"><span style=\"font-weight: 400;\">Une <\/span><b>culture du feedback r\u00e9gulier<\/b><span style=\"font-weight: 400;\">;<\/span><\/li>\n<li style=\"font-weight: 400;\" aria-level=\"1\"><span style=\"font-weight: 400;\">La valorisation des r\u00e9ussites et des progr\u00e8s en mati\u00e8re de soft skills.<\/span><\/li>\n<\/ul>\n<p><b>Organisez des ateliers de sensibilisation <\/b><span style=\"font-weight: 400;\">et des formations adapt\u00e9es \u00e0 vos collaborateurs pour les sensibiliser sur l\u2019importance des soft skills. Donnez-leur la possibilit\u00e9 de <\/span><b>mettre en pratique leurs comp\u00e9tences transversales<\/b><span style=\"font-weight: 400;\"> dans des projets d&rsquo;\u00e9quipe ou des simulations.<\/span><\/p>[\/et_pb_text][et_pb_heading title=\u00a0\u00bbValoriser les soft skills dans les entretiens, la mobilit\u00e9 et les trajectoires internes\u00a0\u00bb _builder_version=\u00a0\u00bb4.27.4&Prime; _module_preset=\u00a0\u00bbdefault\u00a0\u00bb theme_builder_area=\u00a0\u00bbpost_content\u00a0\u00bb title_level=\u00a0\u00bbh3&Prime; custom_margin=\u00a0\u00bb50px||||false|false\u00a0\u00bb hover_enabled=\u00a0\u00bb0&Prime; sticky_enabled=\u00a0\u00bb0&Prime;][\/et_pb_heading][et_pb_text _builder_version=\u00a0\u00bb4.27.4&Prime; _module_preset=\u00a0\u00bbdefault\u00a0\u00bb theme_builder_area=\u00a0\u00bbpost_content\u00a0\u00bb hover_enabled=\u00a0\u00bb0&Prime; sticky_enabled=\u00a0\u00bb0&Prime;]<p><span style=\"font-weight: 400;\">L\u2019int\u00e9gration des soft skills dans une strat\u00e9gie de d\u00e9veloppement passe par un <\/span><b>r\u00e9f\u00e9rentiel clair des comp\u00e9tences comportementales<\/b><span style=\"font-weight: 400;\"> les plus pertinentes pour chaque poste. Les recruteurs ont tout int\u00e9r\u00eat \u00e0 mettre en avant ces comp\u00e9tences en entretien, en montrant concr\u00e8tement comment elles serviront dans le poste vis\u00e9 ou faciliteront une future mobilit\u00e9 interne.<\/span><\/p>\n<p><span style=\"font-weight: 400;\">N\u2019h\u00e9sitez pas \u00e0 <\/span><b>communiquer sur les trajectoires internes<\/b><span style=\"font-weight: 400;\"> possibles gr\u00e2ce aux soft skills. Accompagnez vos talents dans leur \u00e9volution et encouragez le d\u00e9veloppement des comp\u00e9tences transversales !<\/span><\/p>[\/et_pb_text][et_pb_text _builder_version=\u00a0\u00bb4.27.4&Prime; _module_preset=\u00a0\u00bbdefault\u00a0\u00bb theme_builder_area=\u00a0\u00bbpost_content\u00a0\u00bb hover_enabled=\u00a0\u00bb0&Prime; sticky_enabled=\u00a0\u00bb0&Prime;]<p><strong>Sources :<\/strong><\/p>\n<blockquote>\n<p><a href=\"https:\/\/www.hrmaps.fr\/quand-les-soft-skills-deviennent-hard-infographie\/\" target=\"_blank\" rel=\"noopener\">HR Maps<\/a><\/p>\n<p><a href=\"https:\/\/formation.lefebvre-dalloz.fr\/actualite\/barometre-des-soft-skills-2024-la-place-des-soft-skills-dans-le-monde-dapres-crises\" target=\"_blank\" rel=\"noopener\">Lefebvre-Dalloz &#8211; Blog<\/a><\/p>\n<p><a href=\"https:\/\/www.focusrh.com\/tribunes\/pourquoi-1-recrutement-sur-2-est-un-echec-18-mois-par-david-bernard-28019.html\" target=\"_blank\" rel=\"noopener\">Focus RH<\/a><\/p>\n<p><a href=\"https:\/\/formation.lefebvre-dalloz.fr\/livre-blanc\/4e-barometre-des-soft-skills-2024-les-soft-skills-lheure-de-la-nouvelle-normalite\" target=\"_blank\" rel=\"noopener\">Lefebvre-Dalloz &#8211; 4\u00e8me Barom\u00e8tre des Soft Skills<\/a><\/p>\n<p><a href=\"https:\/\/learning.linkedin.com\/resources\/workplace-learning-report-2023\" target=\"_blank\" rel=\"noopener\">LinkedIn<\/a><\/p>\n<p><a href=\"https:\/\/www.mckinsey.com\/industries\/public-sector\/our-insights\/defining-the-skills-citizens-will-need-in-the-future-world-of-work\" target=\"_blank\" rel=\"noopener\">McKinsey<\/a><\/p>\n<\/blockquote>[\/et_pb_text][\/et_pb_column][\/et_pb_row][\/et_pb_section]\n","protected":false},"excerpt":{"rendered":"<p>Le travail en \u00e9quipe, la gestion du stress, la capacit\u00e9 d\u2019adaptation ou encore l\u2019\u00e9coute active s\u2019imposent d\u00e9sormais comme des comp\u00e9tences cl\u00e9s dans le monde professionnel. Selon une \u00e9tude men\u00e9e par HR Maps, 67 % des responsables RH acceptent des comp\u00e9tences techniques moins d\u00e9velopp\u00e9es pour les postes \u00e0 pourvoir en faveur des soft skills. 95 % [&hellip;]<\/p>\n","protected":false},"author":2,"featured_media":2618,"comment_status":"closed","ping_status":"closed","sticky":false,"template":"","format":"standard","meta":{"_et_pb_use_builder":"on","_et_pb_old_content":"","_et_gb_content_width":"","footnotes":""},"categories":[30],"tags":[35],"_links":{"self":[{"href":"https:\/\/www.klarahr.com\/blog\/wp-json\/wp\/v2\/posts\/2613"}],"collection":[{"href":"https:\/\/www.klarahr.com\/blog\/wp-json\/wp\/v2\/posts"}],"about":[{"href":"https:\/\/www.klarahr.com\/blog\/wp-json\/wp\/v2\/types\/post"}],"author":[{"embeddable":true,"href":"https:\/\/www.klarahr.com\/blog\/wp-json\/wp\/v2\/users\/2"}],"replies":[{"embeddable":true,"href":"https:\/\/www.klarahr.com\/blog\/wp-json\/wp\/v2\/comments?post=2613"}],"version-history":[{"count":5,"href":"https:\/\/www.klarahr.com\/blog\/wp-json\/wp\/v2\/posts\/2613\/revisions"}],"predecessor-version":[{"id":2971,"href":"https:\/\/www.klarahr.com\/blog\/wp-json\/wp\/v2\/posts\/2613\/revisions\/2971"}],"wp:featuredmedia":[{"embeddable":true,"href":"https:\/\/www.klarahr.com\/blog\/wp-json\/wp\/v2\/media\/2618"}],"wp:attachment":[{"href":"https:\/\/www.klarahr.com\/blog\/wp-json\/wp\/v2\/media?parent=2613"}],"wp:term":[{"taxonomy":"category","embeddable":true,"href":"https:\/\/www.klarahr.com\/blog\/wp-json\/wp\/v2\/categories?post=2613"},{"taxonomy":"post_tag","embeddable":true,"href":"https:\/\/www.klarahr.com\/blog\/wp-json\/wp\/v2\/tags?post=2613"}],"curies":[{"name":"wp","href":"https:\/\/api.w.org\/{rel}","templated":true}]}}