{"id":2925,"date":"2026-01-13T08:00:00","date_gmt":"2026-01-13T08:00:00","guid":{"rendered":"https:\/\/www.klarahr.com\/blog\/?p=2925"},"modified":"2025-10-24T08:03:32","modified_gmt":"2025-10-24T08:03:32","slug":"securite-gestes-metier-productivite-tout-commence-par-la-montee-en-competences","status":"publish","type":"post","link":"https:\/\/www.klarahr.com\/blog\/securite-gestes-metier-productivite-tout-commence-par-la-montee-en-competences\/","title":{"rendered":"S\u00e9curit\u00e9, gestes m\u00e9tier, productivit\u00e9 : tout commence par la mont\u00e9e en comp\u00e9tences"},"content":{"rendered":"\n[et_pb_section fb_built=\u00a0\u00bb1&Prime; _builder_version=\u00a0\u00bb4.27.4&Prime; _module_preset=\u00a0\u00bbdefault\u00a0\u00bb global_colors_info=\u00a0\u00bb{}\u00a0\u00bb theme_builder_area=\u00a0\u00bbet_body_layout\u00a0\u00bb][et_pb_row _builder_version=\u00a0\u00bb4.27.4&Prime; _module_preset=\u00a0\u00bbdefault\u00a0\u00bb global_colors_info=\u00a0\u00bb{}\u00a0\u00bb theme_builder_area=\u00a0\u00bbet_body_layout\u00a0\u00bb][et_pb_column type=\u00a0\u00bb4_4&Prime; _builder_version=\u00a0\u00bb4.27.4&Prime; _module_preset=\u00a0\u00bbdefault\u00a0\u00bb global_colors_info=\u00a0\u00bb{}\u00a0\u00bb theme_builder_area=\u00a0\u00bbet_body_layout\u00a0\u00bb][et_pb_text _builder_version=\u00a0\u00bb4.27.4&Prime; _module_preset=\u00a0\u00bbdefault\u00a0\u00bb hover_enabled=\u00a0\u00bb0&Prime; global_colors_info=\u00a0\u00bb{}\u00a0\u00bb theme_builder_area=\u00a0\u00bbet_body_layout\u00a0\u00bb sticky_enabled=\u00a0\u00bb0&Prime;]<p><span style=\"font-weight: 400;\">L\u2019acquisition de nouvelles comp\u00e9tences repr\u00e9sente un enjeu majeur pour les salari\u00e9s et les entreprises dans un contexte d\u2019obsolescence rapide de ces derni\u00e8res. Plus de 75 % des Fran\u00e7ais ont suivi au moins une formation professionnelle pendant leur carri\u00e8re. Cette d\u00e9marche vise une mont\u00e9e en comp\u00e9tences dans 60 % des cas. Cela repr\u00e9sente un d\u00e9fi \u00e0 la fois pr\u00e9visionnel et organisationnel pour les managers et la hi\u00e9rarchie. On vous explique l\u2019utilit\u00e9 de la formation aux gestes m\u00e9tiers et aux hard skills pour s\u00e9curiser et optimiser votre productivit\u00e9.<\/span><\/p>[\/et_pb_text][et_pb_heading title=\u00a0\u00bbD\u00e9veloppement des comp\u00e9tences : de quoi s&rsquo;agit-il ?\u00a0\u00bb _builder_version=\u00a0\u00bb4.27.4&Prime; _module_preset=\u00a0\u00bbdefault\u00a0\u00bb title_level=\u00a0\u00bbh2&Prime; title_text_color=\u00a0\u00bb#001F45&Prime; custom_margin=\u00a0\u00bb50px||10px||false|false\u00a0\u00bb hover_enabled=\u00a0\u00bb0&Prime; global_colors_info=\u00a0\u00bb{}\u00a0\u00bb theme_builder_area=\u00a0\u00bbet_body_layout\u00a0\u00bb sticky_enabled=\u00a0\u00bb0&Prime;][\/et_pb_heading][et_pb_text _builder_version=\u00a0\u00bb4.27.4&Prime; _module_preset=\u00a0\u00bbdefault\u00a0\u00bb hover_enabled=\u00a0\u00bb0&Prime; global_colors_info=\u00a0\u00bb{}\u00a0\u00bb theme_builder_area=\u00a0\u00bbet_body_layout\u00a0\u00bb sticky_enabled=\u00a0\u00bb0&Prime;]<p><span style=\"font-weight: 400;\">Morgan Philips Group pr\u00e9sente la p\u00e9nurie de comp\u00e9tences comme la plus grande difficult\u00e9 des entreprises dans ses \u00ab Tendances RH &amp; pr\u00e9visions de recrutement 2025 \u00bb. Cette situation renforce l\u2019importance du renforcement des capacit\u00e9s des salari\u00e9s via un <\/span><b>plan de mont\u00e9e en comp\u00e9tence<\/b><span style=\"font-weight: 400;\"> en phase avec vos besoins et objectifs.<\/span><\/p>\n<p><span style=\"font-weight: 400;\">La <\/span><a href=\"https:\/\/www.klarahr.com\/fr\/projets.html\"><span style=\"font-weight: 400;\">mont\u00e9e en comp\u00e9tences<\/span><\/a><span style=\"font-weight: 400;\"> renvoie \u00e0 l\u2019apprentissage et \u00e0 l\u2019acquisition de nouvelles aptitudes. Elle intervient dans le domaine d\u2019expertise du salari\u00e9 pour recycler ses connaissances techniques ou dans un nouveau champ d\u2019action.<\/span><\/p>\n<p><span style=\"font-weight: 400;\">Cette d\u00e9marche passe par la mise en place d\u2019un programme de formation continue qui am\u00e9liore <\/span><b>les aptitudes techniques ou sp\u00e9cifiques<\/b><span style=\"font-weight: 400;\"> de votre \u00e9quipe (hard skills). Il englobe aussi la capacit\u00e9 de vos collaborateurs \u00e0 faire face \u00e0 de nouvelles responsabilit\u00e9s et fonctions (soft skills).<\/span><\/p>[\/et_pb_text][et_pb_divider color=\u00a0\u00bb#F79699&Prime; divider_weight=\u00a0\u00bb3px\u00a0\u00bb _builder_version=\u00a0\u00bb4.27.4&Prime; _module_preset=\u00a0\u00bbdefault\u00a0\u00bb background_color=\u00a0\u00bbRGBA(255,255,255,0)\u00a0\u00bb global_colors_info=\u00a0\u00bb{}\u00a0\u00bb theme_builder_area=\u00a0\u00bbet_body_layout\u00a0\u00bb][\/et_pb_divider][\/et_pb_column][\/et_pb_row][et_pb_row _builder_version=\u00a0\u00bb4.27.4&Prime; _module_preset=\u00a0\u00bbdefault\u00a0\u00bb global_colors_info=\u00a0\u00bb{}\u00a0\u00bb theme_builder_area=\u00a0\u00bbet_body_layout\u00a0\u00bb][et_pb_column type=\u00a0\u00bb4_4&Prime; _builder_version=\u00a0\u00bb4.27.4&Prime; _module_preset=\u00a0\u00bbdefault\u00a0\u00bb global_colors_info=\u00a0\u00bb{}\u00a0\u00bb theme_builder_area=\u00a0\u00bbet_body_layout\u00a0\u00bb][et_pb_heading title=\u00a0\u00bb\u00c9volution professionnelle : comment faire monter en comp\u00e9tence des collaborateurs ?\u00a0\u00bb _builder_version=\u00a0\u00bb4.27.4&Prime; _module_preset=\u00a0\u00bbdefault\u00a0\u00bb title_level=\u00a0\u00bbh2&Prime; title_text_color=\u00a0\u00bb#001F45&Prime; custom_margin=\u00a0\u00bb0px||10px||false|false\u00a0\u00bb hover_enabled=\u00a0\u00bb0&Prime; global_colors_info=\u00a0\u00bb{}\u00a0\u00bb theme_builder_area=\u00a0\u00bbet_body_layout\u00a0\u00bb sticky_enabled=\u00a0\u00bb0&Prime;][\/et_pb_heading][et_pb_text _builder_version=\u00a0\u00bb4.27.4&Prime; _module_preset=\u00a0\u00bbdefault\u00a0\u00bb hover_enabled=\u00a0\u00bb0&Prime; global_colors_info=\u00a0\u00bb{}\u00a0\u00bb theme_builder_area=\u00a0\u00bbet_body_layout\u00a0\u00bb sticky_enabled=\u00a0\u00bb0&Prime;]<p><span style=\"font-weight: 400;\">L\u2019entretien annuel sert \u00e0 d\u00e9tecter les nouvelles comp\u00e9tences \u00e0 acqu\u00e9rir, mais il ne suffit pas \u00e0 combler le besoin d\u00e9tect\u00e9. L\u2019objectif du p\u00f4le L&amp;D est de <\/span><b>couvrir les \u00e9carts de comp\u00e9tences<\/b><span style=\"font-weight: 400;\"> conform\u00e9ment aux exigences de la Gestion des Emplois et des Parcours Professionnels (GEPP). Voici un exemple de plan de mont\u00e9e en comp\u00e9tence dans les secteurs terrain pour s\u00e9curiser et optimiser la productivit\u00e9 de vos \u00e9quipes.<\/span><\/p>[\/et_pb_text][et_pb_heading title=\u00a0\u00bbIdentifier les comp\u00e9tences de vos \u00e9quipes\u00a0\u00bb _builder_version=\u00a0\u00bb4.27.4&Prime; _module_preset=\u00a0\u00bbdefault\u00a0\u00bb title_level=\u00a0\u00bbh3&Prime; custom_margin=\u00a0\u00bb50px||10px||false|false\u00a0\u00bb hover_enabled=\u00a0\u00bb0&Prime; global_colors_info=\u00a0\u00bb{}\u00a0\u00bb theme_builder_area=\u00a0\u00bbet_body_layout\u00a0\u00bb sticky_enabled=\u00a0\u00bb0&Prime;][\/et_pb_heading][et_pb_text _builder_version=\u00a0\u00bb4.27.4&Prime; _module_preset=\u00a0\u00bbdefault\u00a0\u00bb hover_enabled=\u00a0\u00bb0&Prime; global_colors_info=\u00a0\u00bb{}\u00a0\u00bb theme_builder_area=\u00a0\u00bbet_body_layout\u00a0\u00bb sticky_enabled=\u00a0\u00bb0&Prime;]<p><span style=\"font-weight: 400;\">Le recueil des besoins permet d&rsquo;affiner la r\u00e9ponse en actions de formation des responsables RH. \u00c9valuez la situation de chaque salari\u00e9 au moyen d\u2019un <\/span><b>entretien professionnel individuel<\/b><span style=\"font-weight: 400;\">. Le bilan de comp\u00e9tences sert aussi \u00e0 collecter des donn\u00e9es fiables sur les capacit\u00e9s de vos collaborateurs.<\/span><\/p>\n<p><span style=\"font-weight: 400;\">Vous devez cartographier les aptitudes de chaque profil afin d\u2019identifier la <\/span><a href=\"https:\/\/www.klarahr.com\/blog\/competence-metier-tout-ce-quil-faut-savoir\/\"><span style=\"font-weight: 400;\">comp\u00e9tence m\u00e9tier<\/span><\/a><span style=\"font-weight: 400;\"> \u00e0 acqu\u00e9rir ou \u00e0 am\u00e9liorer. D\u00e9signez enfin un r\u00e9f\u00e9rent avec de solides comp\u00e9tences manag\u00e9riales pour accompagner vos salari\u00e9s dans le processus.<\/span><\/p>[\/et_pb_text][et_pb_heading title=\u00a0\u00bbFixer des objectifs clairs pour accompagner la mont\u00e9e en comp\u00e9tences\u00a0\u00bb _builder_version=\u00a0\u00bb4.27.4&Prime; _module_preset=\u00a0\u00bbdefault\u00a0\u00bb title_level=\u00a0\u00bbh3&Prime; custom_margin=\u00a0\u00bb50px||10px||false|false\u00a0\u00bb hover_enabled=\u00a0\u00bb0&Prime; global_colors_info=\u00a0\u00bb{}\u00a0\u00bb theme_builder_area=\u00a0\u00bbet_body_layout\u00a0\u00bb sticky_enabled=\u00a0\u00bb0&Prime;][\/et_pb_heading][et_pb_text _builder_version=\u00a0\u00bb4.27.4&Prime; _module_preset=\u00a0\u00bbdefault\u00a0\u00bb hover_enabled=\u00a0\u00bb0&Prime; global_colors_info=\u00a0\u00bb{}\u00a0\u00bb theme_builder_area=\u00a0\u00bbet_body_layout\u00a0\u00bb sticky_enabled=\u00a0\u00bb0&Prime;]<p><span style=\"font-weight: 400;\">Les <\/span><b>objectifs atteignables et concrets<\/b><span style=\"font-weight: 400;\"> \u00e0 court et moyen termes maximisent l\u2019efficacit\u00e9 du processus de mont\u00e9e en comp\u00e9tence. Pr\u00e9cisez :<\/span><\/p>\n<ul>\n<li style=\"font-weight: 400;\" aria-level=\"1\"><span style=\"font-weight: 400;\">Les attentes, r\u00e9sultats et mod\u00e8les \u00e0 appliquer ;<\/span><\/li>\n<li style=\"font-weight: 400;\" aria-level=\"1\"><span style=\"font-weight: 400;\">Les d\u00e9lais et \u00e9tapes pour atteindre les buts fix\u00e9s ;<\/span><\/li>\n<li style=\"font-weight: 400;\" aria-level=\"1\"><span style=\"font-weight: 400;\">Les outils didactiques et les m\u00e9thodes de suivi du processus.<\/span><\/li>\n<\/ul>\n<p><span style=\"font-weight: 400;\">Votre politique de formation peut inclure des modules en ligne (e-learning) pour permettre aux salari\u00e9s de <\/span><b>se former selon leur rythme<\/b><span style=\"font-weight: 400;\"> et leurs besoins. Le Webinaire \u00ab Comment Safran acc\u00e9l\u00e8re la mont\u00e9e en comp\u00e9tences avec l&rsquo;IA et le tutorat ? \u00bb de Klara revient sur les techniques pour digitaliser vos actions de formation tutorales.<\/span><\/p>[\/et_pb_text][et_pb_heading title=\u00a0\u00bbLes certifications m\u00e9tier pour la validation des acquis\u00a0\u00bb _builder_version=\u00a0\u00bb4.27.4&Prime; _module_preset=\u00a0\u00bbdefault\u00a0\u00bb title_level=\u00a0\u00bbh3&Prime; custom_margin=\u00a0\u00bb50px||10px||false|false\u00a0\u00bb hover_enabled=\u00a0\u00bb0&Prime; global_colors_info=\u00a0\u00bb{}\u00a0\u00bb theme_builder_area=\u00a0\u00bbet_body_layout\u00a0\u00bb sticky_enabled=\u00a0\u00bb0&Prime;][\/et_pb_heading][et_pb_text _builder_version=\u00a0\u00bb4.27.4&Prime; _module_preset=\u00a0\u00bbdefault\u00a0\u00bb hover_enabled=\u00a0\u00bb0&Prime; global_colors_info=\u00a0\u00bb{}\u00a0\u00bb theme_builder_area=\u00a0\u00bbet_body_layout\u00a0\u00bb sticky_enabled=\u00a0\u00bb0&Prime;]<p><span style=\"font-weight: 400;\">Elles attestent de mani\u00e8re officielle les comp\u00e9tences pr\u00e9cises de vos \u00e9quipes dans leur domaine d\u2019expertise. Vous pouvez <\/span><b>ainsi valoriser les forces de chaque salari\u00e9 <\/b><span style=\"font-weight: 400;\">tout en encourageant l\u2019acquisition de nouvelles comp\u00e9tences.<\/span><\/p>\n<p><span style=\"font-weight: 400;\">Elles s\u2019obtiennent suivant l\u2019une des modalit\u00e9s suivantes :<\/span><\/p>\n<ul>\n<li style=\"font-weight: 400;\" aria-level=\"1\"><span style=\"font-weight: 400;\">Formation professionnelle propre \u00e0 votre domaine d\u2019activit\u00e9 ;<\/span><\/li>\n<li style=\"font-weight: 400;\" aria-level=\"1\"><span style=\"font-weight: 400;\">Validation des acquis de l\u2019exp\u00e9rience (VAE) ;<\/span><\/li>\n<li style=\"font-weight: 400;\" aria-level=\"1\"><span style=\"font-weight: 400;\">\u00c9valuations ou examens certifiants aupr\u00e8s des institutions reconnues.<\/span><\/li>\n<\/ul>\n<p><span style=\"font-weight: 400;\">Dans le cas des <\/span><a href=\"https:\/\/www.klarahr.com\/blog\/les-certifications-metiers-un-atout-pour-booster-la-montee-en-competences-operationnelles\/\"><span style=\"font-weight: 400;\">certifications m\u00e9tier<\/span><\/a><span style=\"font-weight: 400;\">, privil\u00e9giez l\u2019am\u00e9lioration des hard skills internes sans n\u00e9gliger les nouvelles capacit\u00e9s requises par les \u00e9volutions du march\u00e9.<\/span><\/p>[\/et_pb_text][et_pb_divider color=\u00a0\u00bb#F79699&Prime; divider_weight=\u00a0\u00bb3px\u00a0\u00bb _builder_version=\u00a0\u00bb4.27.4&Prime; _module_preset=\u00a0\u00bbdefault\u00a0\u00bb background_color=\u00a0\u00bbRGBA(255,255,255,0)\u00a0\u00bb global_colors_info=\u00a0\u00bb{}\u00a0\u00bb theme_builder_area=\u00a0\u00bbet_body_layout\u00a0\u00bb][\/et_pb_divider][\/et_pb_column][\/et_pb_row][et_pb_row _builder_version=\u00a0\u00bb4.27.4&Prime; _module_preset=\u00a0\u00bbdefault\u00a0\u00bb global_colors_info=\u00a0\u00bb{}\u00a0\u00bb theme_builder_area=\u00a0\u00bbet_body_layout\u00a0\u00bb][et_pb_column type=\u00a0\u00bb4_4&Prime; _builder_version=\u00a0\u00bb4.27.4&Prime; _module_preset=\u00a0\u00bbdefault\u00a0\u00bb global_colors_info=\u00a0\u00bb{}\u00a0\u00bb theme_builder_area=\u00a0\u00bbet_body_layout\u00a0\u00bb][et_pb_heading title=\u00a0\u00bbQuels sont les indicateurs RH pour assurer un suivi r\u00e9gulier ?\u00a0\u00bb _builder_version=\u00a0\u00bb4.27.4&Prime; _module_preset=\u00a0\u00bbdefault\u00a0\u00bb title_level=\u00a0\u00bbh2&Prime; title_text_color=\u00a0\u00bb#001F45&Prime; custom_margin=\u00a0\u00bb0px||10px||false|false\u00a0\u00bb hover_enabled=\u00a0\u00bb0&Prime; global_colors_info=\u00a0\u00bb{}\u00a0\u00bb theme_builder_area=\u00a0\u00bbet_body_layout\u00a0\u00bb sticky_enabled=\u00a0\u00bb0&Prime;][\/et_pb_heading][et_pb_text _builder_version=\u00a0\u00bb4.27.4&Prime; _module_preset=\u00a0\u00bbdefault\u00a0\u00bb hover_enabled=\u00a0\u00bb0&Prime; global_colors_info=\u00a0\u00bb{}\u00a0\u00bb theme_builder_area=\u00a0\u00bbet_body_layout\u00a0\u00bb sticky_enabled=\u00a0\u00bb0&Prime;]<p><span style=\"font-weight: 400;\">La formation aux gestes m\u00e9tiers et aux hard skills n\u2019est efficace qu\u2019avec un suivi r\u00e9gulier et personnalis\u00e9 de la mont\u00e9e en comp\u00e9tence. L\u2019<\/span><b>\u00e9valuation \u00e0 360 degr\u00e9s <\/b><span style=\"font-weight: 400;\">s\u2019av\u00e8re tr\u00e8s utile pour garantir un soutien adapt\u00e9 aux participants.<\/span><\/p>\n<p><span style=\"font-weight: 400;\">Elle se base sur les feedbacks du manager, des coll\u00e8gues, clients et autres acteurs professionnels li\u00e9s au salari\u00e9 en situation de d\u00e9veloppement des comp\u00e9tences. Les <\/span><a href=\"https:\/\/www.klarahr.com\/blog\/quels-indicateurs-rh-pour-piloter-la-montee-en-competences\/\"><span style=\"font-weight: 400;\">indicateurs RH<\/span><\/a><span style=\"font-weight: 400;\"> relatifs \u00e0 la <\/span><b>mont\u00e9e en comp\u00e9tences<\/b><span style=\"font-weight: 400;\"> offrent des donn\u00e9es objectives et tangibles pour cet examen :<\/span><\/p>\n<ul>\n<li style=\"font-weight: 400;\" aria-level=\"1\"><b>Taux d&rsquo;abandon et de conversion<\/b><span style=\"font-weight: 400;\"> pour mesurer la pertinence du contenu de la formation ;<\/span><\/li>\n<li style=\"font-weight: 400;\" aria-level=\"1\"><span style=\"font-weight: 400;\">Taux de satisfaction par modalit\u00e9 de formation pour ajuster le budget N+1 ;<\/span><\/li>\n<li style=\"font-weight: 400;\" aria-level=\"1\"><span style=\"font-weight: 400;\">Taux d&rsquo;absent\u00e9isme ou de d\u00e9part apr\u00e8s formation pour \u00e9valuer la pertinence du support aux apprenants ;<\/span><\/li>\n<li style=\"font-weight: 400;\" aria-level=\"1\"><span style=\"font-weight: 400;\">\u00c9volution du niveau moyen de comp\u00e9tences apr\u00e8s formation pour conna\u00eetre la plus-value du plan de d\u00e9veloppement des comp\u00e9tences ;<\/span><\/li>\n<li style=\"font-weight: 400;\" aria-level=\"1\"><b>Taux de promotion des salari\u00e9<\/b><span style=\"font-weight: 400;\">s apr\u00e8s formation pour \u00e9valuer l\u2019influence de l&rsquo;apprentissage sur les comp\u00e9tences.<\/span><\/li>\n<\/ul>\n<p><span style=\"font-weight: 400;\">La progression de chaque salari\u00e9 est graduelle. Servez-vous des donn\u00e9es collect\u00e9es pour ajuster le soutien, l\u2019attention et les conseils concrets que vous lui apportez.<\/span><\/p>\n<p><span style=\"font-weight: 400;\">En d\u00e9finitive, la mont\u00e9e en comp\u00e9tences catalyse la gestion des carri\u00e8res de vos salari\u00e9s et optimise l\u2019\u00e9volution de leur vie professionnelle. Les cl\u00e9s de cette formation ? L\u2019\u00e9valuation des besoins, la d\u00e9finition des objectifs, la mise en place d\u2019un plan de d\u00e9veloppement des comp\u00e9tences et le suivi du processus.<\/span><\/p>[\/et_pb_text][et_pb_text _builder_version=\u00a0\u00bb4.27.4&Prime; _module_preset=\u00a0\u00bbdefault\u00a0\u00bb hover_enabled=\u00a0\u00bb0&Prime; global_colors_info=\u00a0\u00bb{}\u00a0\u00bb theme_builder_area=\u00a0\u00bbet_body_layout\u00a0\u00bb sticky_enabled=\u00a0\u00bb0&Prime;]<blockquote>\n<p><b>Sources :\u00a0\u00a0<\/b><\/p>\n<p><a href=\"https:\/\/www.excellence-bs.com\/post\/formation-professionnelle-une-pratique-de-plus-en-plus-repandue-en-2025\" target=\"_blank\" rel=\"noopener\"><span style=\"font-weight: 400;\">https:\/\/www.excellence-bs.com\/post\/formation-professionnelle-une-pratique-de-plus-en-plus-repandue-en-2025<\/span><\/a><span style=\"font-weight: 400;\">\u00a0<\/span><\/p>\n<p><a href=\"https:\/\/insights.morganphilips.com\/fr\/tendances-rh-pr233visions-de-recrutement-en-france-en-2025-entre-ambitions-de-croissance-et-prudence-conjoncturelle\" target=\"_blank\" rel=\"noopener\"><span style=\"font-weight: 400;\">https:\/\/insights.morganphilips.com\/fr\/tendances-rh-pr233visions-de-recrutement-en-france-en-2025-entre-ambitions-de-croissance-et-prudence-conjoncturelle<\/span><\/a><span style=\"font-weight: 400;\">\u00a0<\/span><\/p>\n<p><a href=\"https:\/\/learning.linkedin.com\/fr-fr\/resources\/workplace-learning-report\" target=\"_blank\" rel=\"noopener\"><span style=\"font-weight: 400;\">https:\/\/learning.linkedin.com\/fr-fr\/resources\/workplace-learning-report<\/span><\/a> <\/p>\n<\/blockquote>[\/et_pb_text][\/et_pb_column][\/et_pb_row][\/et_pb_section]\n","protected":false},"excerpt":{"rendered":"<p>L\u2019acquisition de nouvelles comp\u00e9tences repr\u00e9sente un enjeu majeur pour les salari\u00e9s et les entreprises dans un contexte d\u2019obsolescence rapide de ces derni\u00e8res. Plus de 75 % des Fran\u00e7ais ont suivi au moins une formation professionnelle pendant leur carri\u00e8re. Cette d\u00e9marche vise une mont\u00e9e en comp\u00e9tences dans 60 % des cas. Cela repr\u00e9sente un d\u00e9fi \u00e0 [&hellip;]<\/p>\n","protected":false},"author":2,"featured_media":2920,"comment_status":"closed","ping_status":"closed","sticky":false,"template":"","format":"standard","meta":{"_et_pb_use_builder":"on","_et_pb_old_content":"","_et_gb_content_width":"","footnotes":""},"categories":[32],"tags":[35],"_links":{"self":[{"href":"https:\/\/www.klarahr.com\/blog\/wp-json\/wp\/v2\/posts\/2925"}],"collection":[{"href":"https:\/\/www.klarahr.com\/blog\/wp-json\/wp\/v2\/posts"}],"about":[{"href":"https:\/\/www.klarahr.com\/blog\/wp-json\/wp\/v2\/types\/post"}],"author":[{"embeddable":true,"href":"https:\/\/www.klarahr.com\/blog\/wp-json\/wp\/v2\/users\/2"}],"replies":[{"embeddable":true,"href":"https:\/\/www.klarahr.com\/blog\/wp-json\/wp\/v2\/comments?post=2925"}],"version-history":[{"count":4,"href":"https:\/\/www.klarahr.com\/blog\/wp-json\/wp\/v2\/posts\/2925\/revisions"}],"predecessor-version":[{"id":2931,"href":"https:\/\/www.klarahr.com\/blog\/wp-json\/wp\/v2\/posts\/2925\/revisions\/2931"}],"wp:featuredmedia":[{"embeddable":true,"href":"https:\/\/www.klarahr.com\/blog\/wp-json\/wp\/v2\/media\/2920"}],"wp:attachment":[{"href":"https:\/\/www.klarahr.com\/blog\/wp-json\/wp\/v2\/media?parent=2925"}],"wp:term":[{"taxonomy":"category","embeddable":true,"href":"https:\/\/www.klarahr.com\/blog\/wp-json\/wp\/v2\/categories?post=2925"},{"taxonomy":"post_tag","embeddable":true,"href":"https:\/\/www.klarahr.com\/blog\/wp-json\/wp\/v2\/tags?post=2925"}],"curies":[{"name":"wp","href":"https:\/\/api.w.org\/{rel}","templated":true}]}}