{"id":815,"date":"2024-10-24T20:59:44","date_gmt":"2024-10-24T20:59:44","guid":{"rendered":"http:\/\/51.159.152.193\/blog\/?p=815"},"modified":"2025-10-01T14:28:53","modified_gmt":"2025-10-01T14:28:53","slug":"les-rituels-manageriaux-une-perte-de-temps","status":"publish","type":"post","link":"https:\/\/www.klarahr.com\/blog\/les-rituels-manageriaux-une-perte-de-temps\/","title":{"rendered":"Les rituels manag\u00e9riaux, une perte de temps ?"},"content":{"rendered":"\n[et_pb_section fb_built=\u00a0\u00bb1&Prime; _builder_version=\u00a0\u00bb4.27.2&Prime; _module_preset=\u00a0\u00bbdefault\u00a0\u00bb global_colors_info=\u00a0\u00bb{}\u00a0\u00bb theme_builder_area=\u00a0\u00bbpost_content\u00a0\u00bb][et_pb_row _builder_version=\u00a0\u00bb4.27.2&Prime; _module_preset=\u00a0\u00bbdefault\u00a0\u00bb global_colors_info=\u00a0\u00bb{}\u00a0\u00bb theme_builder_area=\u00a0\u00bbpost_content\u00a0\u00bb][et_pb_column type=\u00a0\u00bb4_4&Prime; _builder_version=\u00a0\u00bb4.27.2&Prime; _module_preset=\u00a0\u00bbdefault\u00a0\u00bb global_colors_info=\u00a0\u00bb{}\u00a0\u00bb theme_builder_area=\u00a0\u00bbpost_content\u00a0\u00bb][et_pb_text _builder_version=\u00a0\u00bb4.27.2&Prime; _module_preset=\u00a0\u00bbdefault\u00a0\u00bb global_colors_info=\u00a0\u00bb{}\u00a0\u00bb theme_builder_area=\u00a0\u00bbpost_content\u00a0\u00bb]<p>Les rituels manag\u00e9riaux sont aujourd\u2019hui indispensables. On vous explique aujourd\u2019hui leur importance mais aussi comment faire en sorte qu\u2019ils aient un impact sur le quotidien des collaborateurs.<\/p>\n<p>Les rituels manag\u00e9riaux repr\u00e9sentent les moments cl\u00e9s d\u2019animation d\u2019une \u00e9quipe. Ils permettent d\u2019\u00e9changer, de poser un cadre, d\u2019organiser les actions et d\u00e9cisions \u00e0 venir ou encore de mettre en lumi\u00e8re celles accomplies. Ils se d\u00e9roulent de fa\u00e7on individuelle ou collective, et \u00e0 une fr\u00e9quence variable (annuelle, mensuelle, hebdomadaire ou quotidienne). On retrouve parmi les plus norm\u00e9s l\u2019entretien professionnel ou la traditionnelle r\u00e9union d\u2019\u00e9quipe.<\/p>\n<h2 id=\"les-rituels-manag\u00e9riaux-strongindividuels-et-collectifsstrong\">Les rituels manag\u00e9riaux<span>\u00a0<\/span><strong>individuels et collectifs<\/strong><\/h2>\n<h3>Les rituels individuels<\/h3>\n<p>Les rituels individuels sont indispensables, ils permettent dans un premier temps de reconna\u00eetre la valeur du collaborateur dans sa fonction et de le motiver, de l\u2019aider \u00e0 le guider, \u00e0 poser avec lui les \u00e9tapes futures et de d\u00e9finir celles pass\u00e9es.<\/p>\n<p>Il faut d\u00e8s lors adapter le rituel aux collaborateurs. Ils vont diff\u00e9rer en fonction de la personne.<span>\u00a0<\/span><strong>\u00catre plus occasionnel, plus long, plus formel, plus directif, ou totalement le contraire en fonction de l\u2019autonomie et de ce dont \u00e0 besoin le collaborateur.<\/strong><\/p>\n<p><strong>Ces temps vont \u00eatre plus pr\u00e9sents si la personne est en t\u00e9l\u00e9travail, ce qui va engendrer un contact plus fr\u00e9quent.<\/strong><\/p>\n<p>Ces moments permettent au collaborateur de pouvoir faire part de certaines requ\u00eates qu\u2019il ne peut pas forc\u00e9ment exprimer en groupe ou dans le temps de travail d\u00e9fini.<\/p>\n<p><strong>Certains entretiens ont une \u201cimportance\u201d plus forte que d\u2019autres, notamment les entretiens annuels.<\/strong><\/p>\n<p>D\u00e9finis comme l\u2019entretien de fin d\u2019ann\u00e9e, cet \u00e9change permet de revenir sur l\u2019ann\u00e9e pass\u00e9e, d\u2019obtenir un feedback sur les performances.<\/p>\n<p>Elle aide \u00e0 d\u00e9finir un bilan \u00e0 froid de celle-ci et ainsi de d\u00e9finir un plan d\u2019action et des objectifs pour pr\u00e9parer celle \u00e0 venir. C\u2019est alors un temps pour le collaborateur et le manager \u00e0 ne pas n\u00e9gliger, et surtout \u00e0 bien pr\u00e9parer.<\/p>\n<p>On vous aide \u00e0<span>\u00a0<\/span><a href=\"https:\/\/www.klarahr.com\/post\/lentretien-annuel-klara-repond-a-vos-interrogations\">y voir plus clairs sur vos entretiens annuels.<\/a><\/p>\n<h3>Les rituels collectifs<\/h3>\n<p>Les rituels collectifs sont eux plus connus,<span>\u00a0<\/span><strong>notamment les points hebdomadaires.<\/strong><\/p>\n<p>En d\u00e9but de semaine, il est usuel de mettre en place un point plus ou moins court pour lancer l\u2019\u00e9quipe et de faire le bilan et de fixer de nouveaux objectifs ; de faire le point, de fa\u00e7on collective ou individuelle, sur ce qui a \u00e9t\u00e9 fait et ce qui reste \u00e0 faire et fixer les priorit\u00e9s.<\/p>\n<p>Mais c\u2019est aussi un moment d\u2019\u00e9change avec son \u00e9quipe qui permet de la renforcer, de communiquer sur des d\u00e9cisions et autres orientations \u00e0 donner.<\/p>\n<p>Au-del\u00e0 de ces temps d\u2019\u00e9changes hebdomadaires,<span>\u00a0<\/span><strong>d\u2019autres rites plus formels (r\u00e9unions d\u2019\u00e9quipes, entretien annuel, s\u00e9minaires, etc) permettent de faire le point sur des objectifs plus larges<\/strong>, d\u2019avoir plus de temps pour des pr\u00e9sentations et bilans plus longs. Ils permettent de moins cibler certains d\u00e9tails, et de plus d\u00e9cliner des informations strat\u00e9giques, sur la vision par exemple.<\/p>\n<p>Il faut lors de ces rituels collectifs faire attention au temps de parole donn\u00e9. Laisser l\u2019opportunit\u00e9 de s\u2019exprimer \u00e0 tous, faire en sorte que tout le monde puisse aborder les points qui le concernent.<\/p>\n<p><em>Sara Kalick nous dit sur cela que \u201cQuand on donne la permission \u00e0 ses collaborateurs d&rsquo;\u00eatre pleinement eux-m\u00eames, leur passion et imagination deviennent extr\u00eamement puissantes\u201d.<\/em><\/p>\n<p><strong>Le temps de cet \u00e9change ne doit pas \u00eatre trop long afin de ne pas le faire passer comme une corv\u00e9e ou du \u201ctemps de perdu\u201d aux yeux des collaborateurs.<\/strong><\/p>\n<p>Que cet \u00e9change soit physique ou en visio conf\u00e9rence. Vous pouvez, pour rendre vos \u00e9changes moins formels, les lier \u00e0 un moment de convivialit\u00e9, autour d\u2019un caf\u00e9 ou d\u2019un repas.<\/p>\n<p>\u200d<\/p>\n<h2 id=\"7-\u00e9l\u00e9ments-que-vous-pouvez-mettre-en-place-lors-de-vos-rituels-manag\u00e9riaux-\">7 \u00e9l\u00e9ments que vous pouvez mettre en place lors de vos rituels manag\u00e9riaux :<\/h2>\n<ul role=\"list\">\n<li><strong>Rappeler les r\u00f4les de chacun<\/strong>, leurs missions respectives.<\/li>\n<li><strong>Recontextualiser les missions actuelles<\/strong><span>\u00a0<\/span>par rapport \u00e0 l\u2019objectif final global.<\/li>\n<li><strong>Faire une projection dans le futur<\/strong><span>\u00a0<\/span>: sur la semaine, les mois ou les ann\u00e9es \u00e0 venir. De fa\u00e7on individuelle en fonction de chaque collaborateur mais aussi de l\u2019entreprise de fa\u00e7on g\u00e9n\u00e9rale.<\/li>\n<li><strong>S\u2019informer sur ce que chacun de vos collaborateur \u00e0 besoin<\/strong><span>\u00a0<\/span>ou doit apprendre pour r\u00e9ussir.<\/li>\n<li><strong>Parler des \u00e9checs v\u00e9cus<\/strong>, ce qu\u2019il en ressort, les c\u00e9l\u00e9brer afin de contrer cette peur d\u2019\u00e9chouer.<\/li>\n<li><strong>Provoquer des rencontres entre les personnes de l\u2019\u00e9quipe<\/strong><span>\u00a0<\/span>afin d\u2019am\u00e9liorer cette coh\u00e9sion de groupe.<\/li>\n<li><strong>Demander l\u2019avis \u00e0 plusieurs personnes sur diff\u00e9rents sujets<\/strong>, engager des d\u00e9bats afin que tout le monde se rallie aux d\u00e9cisions prises.<\/li>\n<\/ul>\n<p><strong>Ces rituels manag\u00e9riaux sont de puissants temps de dialogue, prise de recul et de cr\u00e9ativit\u00e9<\/strong>. Klara est une solution bas\u00e9 sur le feedback vous permettant de mettre en place des rituels manag\u00e9riaux impactant,<span>\u00a0<\/span><a href=\"https:\/\/www.klarahr.com\/solutions\">d\u00e9couvrez notre plateforme ici.<\/a><\/p>\n<p>Il est bon de prendre un temps pour recontextualiser ce dont votre \u00e9quipe a besoin et doit faire pour arriver \u00e0 l\u2019objectif global vis\u00e9.<span>\u00a0<\/span><strong>Il est important cependant de ne pas faire de ces temps d\u2019\u00e9changes une simple routine qui am\u00e8ne \u00e0 un exc\u00e8s de formalisme<\/strong>. Laissez libre cours \u00e0 votre imagination pour rendre ces \u00e9changes motivants !<\/p>[\/et_pb_text][\/et_pb_column][\/et_pb_row][\/et_pb_section]\n","protected":false},"excerpt":{"rendered":"<p>Les rituels manag\u00e9riaux sont aujourd\u2019hui indispensables. On vous explique aujourd\u2019hui leur importance mais aussi comment faire en sorte qu\u2019ils aient un impact sur le quotidien des collaborateurs. Les rituels manag\u00e9riaux repr\u00e9sentent les moments cl\u00e9s d\u2019animation d\u2019une \u00e9quipe. Ils permettent d\u2019\u00e9changer, de poser un cadre, d\u2019organiser les actions et d\u00e9cisions \u00e0 venir ou encore de mettre [&hellip;]<\/p>\n","protected":false},"author":2,"featured_media":398,"comment_status":"closed","ping_status":"closed","sticky":false,"template":"","format":"standard","meta":{"_et_pb_use_builder":"on","_et_pb_old_content":"","_et_gb_content_width":"","footnotes":""},"categories":[32],"tags":[35],"_links":{"self":[{"href":"https:\/\/www.klarahr.com\/blog\/wp-json\/wp\/v2\/posts\/815"}],"collection":[{"href":"https:\/\/www.klarahr.com\/blog\/wp-json\/wp\/v2\/posts"}],"about":[{"href":"https:\/\/www.klarahr.com\/blog\/wp-json\/wp\/v2\/types\/post"}],"author":[{"embeddable":true,"href":"https:\/\/www.klarahr.com\/blog\/wp-json\/wp\/v2\/users\/2"}],"replies":[{"embeddable":true,"href":"https:\/\/www.klarahr.com\/blog\/wp-json\/wp\/v2\/comments?post=815"}],"version-history":[{"count":4,"href":"https:\/\/www.klarahr.com\/blog\/wp-json\/wp\/v2\/posts\/815\/revisions"}],"predecessor-version":[{"id":1107,"href":"https:\/\/www.klarahr.com\/blog\/wp-json\/wp\/v2\/posts\/815\/revisions\/1107"}],"wp:featuredmedia":[{"embeddable":true,"href":"https:\/\/www.klarahr.com\/blog\/wp-json\/wp\/v2\/media\/398"}],"wp:attachment":[{"href":"https:\/\/www.klarahr.com\/blog\/wp-json\/wp\/v2\/media?parent=815"}],"wp:term":[{"taxonomy":"category","embeddable":true,"href":"https:\/\/www.klarahr.com\/blog\/wp-json\/wp\/v2\/categories?post=815"},{"taxonomy":"post_tag","embeddable":true,"href":"https:\/\/www.klarahr.com\/blog\/wp-json\/wp\/v2\/tags?post=815"}],"curies":[{"name":"wp","href":"https:\/\/api.w.org\/{rel}","templated":true}]}}